{"id":149156,"date":"2025-06-03T14:50:19","date_gmt":"2025-06-03T14:50:19","guid":{"rendered":"https:\/\/www.europesays.com\/fr\/149156\/"},"modified":"2025-06-03T14:50:19","modified_gmt":"2025-06-03T14:50:19","slug":"une-etude-revele-que-le-suivi-cardiologique-augmente-la-duree-de-vie","status":"publish","type":"post","link":"https:\/\/www.europesays.com\/fr\/149156\/","title":{"rendered":"une \u00e9tude r\u00e9v\u00e8le que le suivi cardiologique augmente la dur\u00e9e de vie"},"content":{"rendered":"<p>Cardiologues et chercheurs au sein du <a href=\"https:\/\/www.estrepublicain.fr\/magazine-sante\/2025\/02\/11\/insuffisance-cardiaque-le-coeur-du-chru-de-nancy-bat-pour-l-innovation\" target=\"_blank\" rel=\"noopener\">Centre d\u2019investigation clinique plurith\u00e9matique (CIC-P) du CHRU de Nancy<\/a> , le Pr  Nicolas Girerd et <a href=\"https:\/\/www.estrepublicain.fr\/magazine-sante\/2024\/03\/23\/le-coeur-de-la-greffe-cardiaque-bat-plus-vite-au-chru-de-nancy\" target=\"_blank\" rel=\"noopener\">D r Guillaume Baudry<\/a> ont conduit une \u00e9tude en association avec la Caisse Nationale de l\u2019Assurance Maladie (CNAM) et des experts nationaux, sur l\u2019importance d\u2019un suivi cardiologique chez les patients atteints d\u2019insuffisance cardiaque. Pr\u00e9sente en mai \u00e0 Belgrade au congr\u00e8s europ\u00e9en de l\u2019insuffisance cardiaque, l\u2019\u00e9quipe nanc\u00e9ienne a pr\u00e9sent\u00e9 les r\u00e9sultats de plusieurs de ses travaux dont une partie a \u00e9t\u00e9 publi\u00e9e presque simultan\u00e9ment dans la revue scientifique de r\u00e9f\u00e9rence \u00ab European Heart Journal (EHJ) \u00bb.<\/p>\n<p>C\u2019est le cas de l\u2019investigation men\u00e9e sur une cohorte de 655 919 patients identifi\u00e9s comme insuffisants cardiaques au 1er janvier 2020. Le groupe de cardiologues et de statisticiens a analys\u00e9 le suivi m\u00e9dical de ces malades sur deux ans. Ils en sont arriv\u00e9s \u00e0 la conclusion qu\u2019une consultation cardiologique lacunaire, voire inexistante, ob\u00e9rait significativement le pronostic des malades, alors que la gravit\u00e9 de leur maladie n\u00e9cessiterait \u00ab d\u2019optimiser le management global de la maladie \u00bb, indique le <a href=\"https:\/\/www.estrepublicain.fr\/sante\/2021\/11\/04\/au-chru-de-nancy-l-intelligence-artificielle-capable-de-predire-l-insuffisance-cardiaque\" target=\"_blank\" rel=\"noopener\">Pr  Nicolas Girerd<\/a> , coordonnateur du CIC-P. Cette insuffisance de recours \u00e0 une prise en charge cardiologique aggraverait le pronostic de l\u2019insuffisance cardiaque.<\/p>\n<p>\u00a0 1,5 million d\u2019insuffisants cardiaques <\/p>\n<p>La France d\u00e9nombre plus d\u2019insuffisants cardiaques que les 655 919 r\u00e9pertori\u00e9s dans les fichiers de la CNAM. \u00ab On les estime \u00e0 1,5 million \u00bb, chiffre Nicolas Girerd.\ufeff Les cardiologues ont constat\u00e9 que 40 % des 655 919 patients examin\u00e9s n\u2019avaient pas vu de cardiologue dans l\u2019ann\u00e9e, soit 1 sur 2,5 patients. \u00ab Ce sont g\u00e9n\u00e9ralement des patients un peu plus \u00e2g\u00e9s, plus souvent des femmes \u00bb, pr\u00e9cise Nicolas Girerd. Au cours du suivi, la \u00ab diff\u00e9rence est patente entre ceux qui voient un cardiologue dans l\u2019ann\u00e9e et ceux qui n\u2019en voient pas : l\u2019\u00e9cart est de 6 \u00e0 9 % de mortalit\u00e9 \u00e0 un an \u00bb, souligne le cardiologue. Il a ainsi \u00e9t\u00e9 observ\u00e9 que les patients hospitalis\u00e9s il y a moins d\u2019un an qui ne voient pas de cardiologue ont 34 % de risque de mourir dans l\u2019ann\u00e9e, contre 27 % pour ceux qui voient une fois un cardiologue. Ceux qui n\u2019ont pas \u00e9t\u00e9 hospitalis\u00e9s et ne sont pas sous diur\u00e9tiques, passent de 13 % \u00e0 7 %, selon la pr\u00e9sence ou non d\u2019un suivi cardiologique.<\/p>\n<p>  D\u00e9faut d\u2019organisation ?<\/p>\n<p>Que r\u00e9v\u00e8le cette \u00e9tude au-del\u00e0 du constat ? \u00ab Ces r\u00e9sultats nous am\u00e8nent \u00e0 penser qu\u2019il peut exister des difficult\u00e9s d\u2019organisation des soins, variables d\u2019un territoire \u00e0 l\u2019autre, qui influencent, \u00e9videmment, la prise en charge des patients \u00bb, sugg\u00e8re Nicolas Girerd. Autre explication possible des \u00e9carts de pronostic : \u00ab L\u2019usage diff\u00e9renci\u00e9 des traitements. \u00bb \u00ab Les cardiologues utilisent davantage les nouvelles mol\u00e9cules disponibles pour traiter l\u2019insuffisance cardiaque, notamment l\u2019insuffisance dite \u00e0 fraction d\u00e9jection alt\u00e9r\u00e9e. Ces traitements devenus plus complexes au cours des quinze derni\u00e8res ann\u00e9es requi\u00e8rent l\u2019expertise sp\u00e9cifique des cardiologues. Leur prescription plus intensive et adapt\u00e9e pourrait en partie expliquer les diff\u00e9rences de mortalit\u00e9 observ\u00e9es. \u00bb<\/p>\n<p>Reste \u00e0 savoir comment faire mieux avec la baisse du nombre de cardiologues. \u00ab Pour optimiser les ressources, pr\u00e9conise l\u2019\u00e9tude, il faudrait une consultation par an pour ceux qui sont \u00e0 risque faible, deux-trois consultations pour les patients \u00e0 risque moyen et quatre consultations pour les patients \u00e0 tr\u00e8s haut risque. Il faudrait graduer, or, on observe que cette hi\u00e9rarchisation n\u2019existe pas pour l\u2019instant. \u00bb \u00ab L\u2019outil pronostic simple que nous proposons pourrait aider \u00e0 guider la fr\u00e9quence des consultations \u00bb, extrapole Nicolas Girerd. L\u2019\u00e9tape suivante consistera \u00e0 confirmer ces premi\u00e8res observations en v\u00e9rifiant si la mise en place d\u2019un suivi cardiologique r\u00e9gulier chez les patients qui en sont d\u00e9pourvus am\u00e9liore leur survie ou si les diff\u00e9rences rel\u00e8vent d\u2019une surinterpr\u00e9tation.<\/p>\n","protected":false},"excerpt":{"rendered":"Cardiologues et chercheurs au sein du Centre d\u2019investigation clinique plurith\u00e9matique (CIC-P) du CHRU de Nancy , le Pr&hellip;\n","protected":false},"author":2,"featured_media":149157,"comment_status":"","ping_status":"","sticky":false,"template":"","format":"standard","meta":{"footnotes":""},"categories":[9635],"tags":[5897,1111,11,1704,1777,674,1011,27,775,5362,224,16292,3457,1702,1703,12,3456,25,71,767],"class_list":{"0":"post-149156","1":"post","2":"type-post","3":"status-publish","4":"format-standard","5":"has-post-thumbnail","7":"category-nancy","8":"tag-activite-physique","9":"tag-actu","10":"tag-actualites","11":"tag-edition-nancy-et-agglomeration","12":"tag-eu","13":"tag-europe","14":"tag-fr","15":"tag-france","16":"tag-grand-est","17":"tag-magazine-sante","18":"tag-medecine","19":"tag-medicaments","20":"tag-meurthe-et-moselle","21":"tag-nancy","22":"tag-nancy-ville-54b","23":"tag-news","24":"tag-region-lorraine","25":"tag-republique-francaise","26":"tag-sante","27":"tag-science-et-technologie"},"share_on_mastodon":{"url":"https:\/\/pubeurope.com\/@fr\/114619994906210929","error":""},"_links":{"self":[{"href":"https:\/\/www.europesays.com\/fr\/wp-json\/wp\/v2\/posts\/149156","targetHints":{"allow":["GET"]}}],"collection":[{"href":"https:\/\/www.europesays.com\/fr\/wp-json\/wp\/v2\/posts"}],"about":[{"href":"https:\/\/www.europesays.com\/fr\/wp-json\/wp\/v2\/types\/post"}],"author":[{"embeddable":true,"href":"https:\/\/www.europesays.com\/fr\/wp-json\/wp\/v2\/users\/2"}],"replies":[{"embeddable":true,"href":"https:\/\/www.europesays.com\/fr\/wp-json\/wp\/v2\/comments?post=149156"}],"version-history":[{"count":0,"href":"https:\/\/www.europesays.com\/fr\/wp-json\/wp\/v2\/posts\/149156\/revisions"}],"wp:featuredmedia":[{"embeddable":true,"href":"https:\/\/www.europesays.com\/fr\/wp-json\/wp\/v2\/media\/149157"}],"wp:attachment":[{"href":"https:\/\/www.europesays.com\/fr\/wp-json\/wp\/v2\/media?parent=149156"}],"wp:term":[{"taxonomy":"category","embeddable":true,"href":"https:\/\/www.europesays.com\/fr\/wp-json\/wp\/v2\/categories?post=149156"},{"taxonomy":"post_tag","embeddable":true,"href":"https:\/\/www.europesays.com\/fr\/wp-json\/wp\/v2\/tags?post=149156"}],"curies":[{"name":"wp","href":"https:\/\/api.w.org\/{rel}","templated":true}]}}