{"id":14917,"date":"2025-04-10T12:13:12","date_gmt":"2025-04-10T12:13:12","guid":{"rendered":"https:\/\/www.europesays.com\/fr\/14917\/"},"modified":"2025-04-10T12:13:12","modified_gmt":"2025-04-10T12:13:12","slug":"metropole-de-lyon-un-parc-une-station-de-tram-des-logements-une-creche-un-nouveau-quartier-prend-forme-a-villeurbanne","status":"publish","type":"post","link":"https:\/\/www.europesays.com\/fr\/14917\/","title":{"rendered":"M\u00e9tropole de Lyon. Un parc, une station de tram, des logements, une cr\u00e8che\u2026 Un nouveau quartier prend forme \u00e0 Villeurbanne"},"content":{"rendered":"<p>La friche de l\u2019ancienne usine ACI (Auto Ch\u00e2ssis International) est au c\u0153ur d\u2019un grand projet urbain de 5,4 hectares dans lequel 700 logements sont pr\u00e9vus, au c\u0153ur de trois hectares d\u2019espaces publics dont deux seront am\u00e9nag\u00e9s en parc.<\/p>\n<p>\u00ab\u00a0Dans ce secteur pauvre en espaces verts, l\u2019objectif est de cr\u00e9er un \u00eelot de fra\u00eecheur autour du passage du tramway T6\u00a0\u00bb, expliquent les services de la M\u00e9tropole de Lyon.<\/p>\n<p>\u00ab\u00a0Un lieu pour se rencontrer\u00a0\u00bb<\/p>\n<p>Dans ce <a href=\"https:\/\/www.leprogres.fr\/economie\/2024\/03\/16\/logement-vegetalisation-t6-a-quoi-va-ressembler-l-ancienne-friche-aci-a-villeurbanne\" target=\"_blank\" rel=\"noopener\"> projet d\u2019am\u00e9nagement urbain<\/a>, l\u2019id\u00e9e est de cr\u00e9er \u00ab\u00a0un lieu o\u00f9 les gens peuvent se retrouver et se rencontrer\u00a0\u00bb, indique <a href=\"https:\/\/www.leprogres.fr\/p\/cedric-van-styvendael\" target=\"_blank\" rel=\"noopener\">C\u00e9dric Van Styvendael<\/a>, maire (PS) de Villeurbanne. Pour&#8230;<\/p>\n","protected":false},"excerpt":{"rendered":"La friche de l\u2019ancienne usine ACI (Auto Ch\u00e2ssis International) est au c\u0153ur d\u2019un grand projet urbain de 5,4&hellip;\n","protected":false},"author":2,"featured_media":14918,"comment_status":"","ping_status":"","sticky":false,"template":"","format":"standard","meta":{"footnotes":""},"categories":[1889],"tags":[1111,11,2430,4749,1687,33,2757,1777,674,1011,27,1116,1908,2428,12,2661,25,2429,3151,104,6345,6346],"class_list":{"0":"post-14917","1":"post","2":"type-post","3":"status-publish","4":"format-standard","5":"has-post-thumbnail","7":"category-lyon","8":"tag-actu","9":"tag-actualites","10":"tag-auvergne-rhone-alpes","11":"tag-btp-et-chantiers","12":"tag-culture-loisirs","13":"tag-economie","14":"tag-edition-lyon-villeurbanne","15":"tag-eu","16":"tag-europe","17":"tag-fr","18":"tag-france","19":"tag-immobilier","20":"tag-logement","21":"tag-lyon","22":"tag-news","23":"tag-patrimoine-culturel","24":"tag-republique-francaise","25":"tag-rhone","26":"tag-selection-de-la-redaction-69","27":"tag-societe","28":"tag-villeurbanne","29":"tag-villeurbanne-bassin"},"share_on_mastodon":{"url":"https:\/\/pubeurope.com\/@fr\/114313612872333831","error":""},"_links":{"self":[{"href":"https:\/\/www.europesays.com\/fr\/wp-json\/wp\/v2\/posts\/14917","targetHints":{"allow":["GET"]}}],"collection":[{"href":"https:\/\/www.europesays.com\/fr\/wp-json\/wp\/v2\/posts"}],"about":[{"href":"https:\/\/www.europesays.com\/fr\/wp-json\/wp\/v2\/types\/post"}],"author":[{"embeddable":true,"href":"https:\/\/www.europesays.com\/fr\/wp-json\/wp\/v2\/users\/2"}],"replies":[{"embeddable":true,"href":"https:\/\/www.europesays.com\/fr\/wp-json\/wp\/v2\/comments?post=14917"}],"version-history":[{"count":0,"href":"https:\/\/www.europesays.com\/fr\/wp-json\/wp\/v2\/posts\/14917\/revisions"}],"wp:featuredmedia":[{"embeddable":true,"href":"https:\/\/www.europesays.com\/fr\/wp-json\/wp\/v2\/media\/14918"}],"wp:attachment":[{"href":"https:\/\/www.europesays.com\/fr\/wp-json\/wp\/v2\/media?parent=14917"}],"wp:term":[{"taxonomy":"category","embeddable":true,"href":"https:\/\/www.europesays.com\/fr\/wp-json\/wp\/v2\/categories?post=14917"},{"taxonomy":"post_tag","embeddable":true,"href":"https:\/\/www.europesays.com\/fr\/wp-json\/wp\/v2\/tags?post=14917"}],"curies":[{"name":"wp","href":"https:\/\/api.w.org\/{rel}","templated":true}]}}