{"id":149184,"date":"2025-06-03T15:04:10","date_gmt":"2025-06-03T15:04:10","guid":{"rendered":"https:\/\/www.europesays.com\/fr\/149184\/"},"modified":"2025-06-03T15:04:10","modified_gmt":"2025-06-03T15:04:10","slug":"les-theatrales-deze-reviennent-bientot-en-scene-avec-une-belle-programmation","status":"publish","type":"post","link":"https:\/\/www.europesays.com\/fr\/149184\/","title":{"rendered":"Les Th\u00e9\u00e2trales d\u2019Eze reviennent bient\u00f4t en sc\u00e8ne, avec une belle programmation&#8230;"},"content":{"rendered":"<p>On vous l\u2019accorde\u2005: le mois d\u2019ao\u00fbt, ce n\u2019est pas encore demain. Mais quand les programmations des festivals sont presque toutes d\u00e9voil\u00e9es, on se dit que l\u2019\u00e9t\u00e9 approche \u00e0 grands pas. Et qu\u2019il va falloir bien tenir son agenda \u00e0 jour.<\/p>\n<p>Lundi soir, au Ch\u00e2teau La Ch\u00e8vre d\u2019Or, Les Th\u00e9\u00e2trales d\u2019Eze ont pr\u00e9sent\u00e9 les contours de leur \u00e9dition 2025, la troisi\u00e8me depuis la cr\u00e9ation de l\u2019\u00e9v\u00e9nement dont la direction artistique est assur\u00e9e par David Br\u00e9court, com\u00e9dien et metteur en sc\u00e8ne, connu notamment pour ses r\u00f4les dans Plus belle la vie ou Sous le soleil.<\/p>\n<p>Du 1er au 5 ao\u00fbt, le public sera invit\u00e9 \u00e0 prendre la direction de l\u2019Oppidum du col d\u2019\u00c8ze pour cinq soir\u00e9es o\u00f9 rire, \u00e9motion et r\u00e9flexion se m\u00ealeront.<\/p>\n<p><strong>Pierre Arditi, parrain et grand lecteur<\/strong><\/p>\n<p>Le 1er, on d\u00e9marrera avec L\u2019Ami du pr\u00e9sident, une pi\u00e8ce de F\u00e9licien Marceau \u00e0 la fois dr\u00f4le et grin\u00e7ante cr\u00e9\u00e9e au Festival d\u2019Avignon en 2024, s\u2019int\u00e9ressant aux coulisses du pouvoir \u00e0 travers l\u2019histoire d\u2019un relieur qui parvient \u00e0 s\u2019incruster dans des c\u00e9r\u00e9monies officielles, avant de se devenir le sujet d\u2019une \u00e9tonnante rumeur. Sur les planches, Davy Sardou, Jean-Pierre Micha\u00ebl ou encore St\u00e9phane Cottin donnent du corps \u00e0 cette histoire.<\/p>\n<p>Le 2, place au parrain des Th\u00e9\u00e2trales cette ann\u00e9e, Pierre Arditi, qui aura tout loisir de \u00ab\u00a0lire ce qu\u2019il aime\u00a0\u00bb.<\/p>\n<p>\u00ab\u00a0Je vais m\u2019asseoir \u00e0 une table et je vais m\u2019amuser avec les gens. [&#8230;] C\u2019est la force de la lecture que je cherche \u00e0 retrouver\u00a0\u00bb, explique dans le dossier de presse le com\u00e9dien, qui recevra une Nymphe d\u2019honneur saluant l\u2019ensemble de sa carri\u00e8re en ouverture du Festival de t\u00e9l\u00e9vision de Monte-Carlo, le 13 juin.<\/p>\n<p>Le 3, le public pourra savourer un classique de Pagnol, mythique dans sa version long-m\u00e9trage mais plus rarement adapt\u00e9 au th\u00e9\u00e2tre, Le Schpountz. Mont\u00e9 par Delphine Depardieu &amp; Arthur Cachia (qui joue \u00e9galement), le spectacle r\u00e9unira Axel Blind, Patrick Chayrigu\u00e8s, Simon Gabillet, Milena Marinelli et Jean-Beno\u00eet Souilh.<\/p>\n<p>L\u2019un des gros succ\u00e8s de l\u2019ann\u00e9e \u00e0 d\u00e9couvrir \u00e0 Eze<\/p>\n<p>Le 4, Eze accueillera une pi\u00e8ce ayant connu un tr\u00e8s beau succ\u00e8s depuis son d\u00e9marrage, en 2024 au Festival d\u2019Avignon.<\/p>\n<p>Lors des derniers Moli\u00e8res, Les Marchands d\u2019\u00e9toiles, d\u2019Anthony Michineau, avait d\u00e9croch\u00e9 quatre nominations, pour une statuette tomb\u00e9e dans l\u2019escarcelle de Guillaume Bouch\u00e8de, meilleur com\u00e9dien dans un spectacle priv\u00e9 (il sera remplac\u00e9 par l&rsquo;Azur\u00e9en Eric Collado \u00e0 Eze).<\/p>\n<p>Coup de c\u0153ur du Figaro et du Parisien, la pi\u00e8ce, jug\u00e9e \u00e0 la fois \u00ab\u00a0dr\u00f4le et bouleversante\u00a0\u00bb par L\u2019Officiel des loisirs. Elle nous plonge chez les Martineau, en 1942. Ni r\u00e9sistants ni collabos, surtout passifs, ces vendeurs de tissus ont d\u00e9croch\u00e9 le march\u00e9 de fabrication des \u00e9toiles jaunes impos\u00e9es par l\u2019Allemagne nazie pour \u00ab\u00a0marquer\u00a0\u00bb les juifs.<\/p>\n<p>Les affaires suivent leur cours, jusqu\u2019\u00e0 ce que l\u2019un des employ\u00e9s explique sa m\u00e8re est justement juive. La famille Martineau va alors changer de regard et tenter de prot\u00e9ger Joseph d\u2019une d\u00e9nonciation.<\/p>\n<p>En guise de derni\u00e8re danse, le 5 ao\u00fbt, les Th\u00e9\u00e2trales seront parcourues par Un grand cri d\u2019amour, une cr\u00e9ation de Josiane Balasko mise en sc\u00e8ne par Eric Laug\u00e9rias, avec Alexandre Brasseur et Catherine Marchal dans la peau d\u2019un couple de com\u00e9diens, qui se sont aim\u00e9s tr\u00e8s fort, avant de se d\u00e9tester encore plus fort.<\/p>\n<p>Et malgr\u00e9 ces \u00e9clairs au-dessus de leurs t\u00eates, apr\u00e8s un concours de circonstances, les deux acteurs vont se retrouver \u00e0 l\u2019affiche du m\u00eame spectacle.<\/p>\n<p>&#13;<br \/>\n<strong>&gt; De 15 \u00e0 30\u2005euros la soir\u00e9e. Pass 5 soirs de 50 \u00e0 130\u2005euros. Rens. <a href=\"http:\/\/lestheatralesdeze.com\" target=\"_blank\" rel=\"noopener nofollow\">lestheatralesdeze.com<\/a><\/strong><\/p>\n<p>            David Br\u00e9court, directeur artistique des Th\u00e9\u00e2trales d&rsquo;Eze : \u00a0\u00bb Un r\u00eave \u00e9veill\u00e9 qui perdure\u00a0\u00bb<\/p>\n<p>Le temps passe et l\u2019enthousiasme de David Br\u00e9court est loin de s\u2019\u00e9mousser. \u00ab\u00a0La premi\u00e8re ann\u00e9e, quand on m\u2019a confi\u00e9 la direction artistique de ce festival, c\u2019\u00e9tait un r\u00eave \u00e9veill\u00e9. Depuis il perdure\u00a0\u00bb, promet celui qui poss\u00e8de un lien de parent\u00e9 avec Francis Blanche, le grand-p\u00e8re de l\u2019une de ses filles, enterr\u00e9 \u00e0 Eze.<\/p>\n<p>David Br\u00e9court, qui passe du temps au village depuis quatre d\u00e9cennies, est satisfait de la tournure prise par les Th\u00e9\u00e2trales.<\/p>\n<p>\u00ab\u00a0On a doubl\u00e9 le nombre d\u2019entr\u00e9es l\u2019an dernier. Pour 2025, on a essay\u00e9 de construire un programme \u00e9clectique, avec l\u2019envie de faire d\u00e9couvrir des auteurs, des metteurs en sc\u00e8ne et des acteurs. Parce que c\u2019est assez facile, finalement de faire des ch\u00e8ques et d\u2019acheter des spectacles avec des gens connus. Il n\u2019y a pas que \u00e7a.\u00a0\u00bb<\/p>\n<p>Le directeur artistique prend pour exemple la soir\u00e9e du 3 ao\u00fbt, avec Le Schpountz.<\/p>\n<p>\u00ab\u00a0Faire red\u00e9couvrir la langue de Pagnol. La star de ce spectacle, c\u2019est lui. Et je trouve \u00e7a g\u00e9nial de faire red\u00e9couvrir sa langue. Qui plus est gr\u00e2ce \u00e0 une troupe symbolisant la jeune g\u00e9n\u00e9ration en train de pousser. Au Splendid, \u00e7a a cartonn\u00e9 pendant un an pour eux, tous les soirs. Et l\u00e0, juste avant de venir chez nous, ils auront jou\u00e9 pendant un mois au festival off d\u2019Avignon.\u00a0\u00bb<\/p>\n<p>              <img ci-src=\"https:\/\/www.varmatin.com\/theatre\/Image+A20230609T043247_M_10_163_0_4_JE_3_7_37_F-jrmYBaOv-version-2ce722-1j9y5fHl.jpg?vh=495ca4&amp;ci_seal=504b886705\" alt=\"\"\/><br \/>\n        David Br\u00e9court. <strong>Archive L. M..<\/strong> <\/p>\n","protected":false},"excerpt":{"rendered":"On vous l\u2019accorde\u2005: le mois d\u2019ao\u00fbt, ce n\u2019est pas encore demain. Mais quand les programmations des festivals sont&hellip;\n","protected":false},"author":2,"featured_media":149185,"comment_status":"","ping_status":"","sticky":false,"template":"","format":"standard","meta":{"footnotes":""},"categories":[2819],"tags":[1111,11,251,1777,674,1011,27,12,2401,882,25,1347],"class_list":{"0":"post-149184","1":"post","2":"type-post","3":"status-publish","4":"format-standard","5":"has-post-thumbnail","7":"category-nice","8":"tag-actu","9":"tag-actualites","10":"tag-culture","11":"tag-eu","12":"tag-europe","13":"tag-fr","14":"tag-france","15":"tag-news","16":"tag-nice","17":"tag-provence-alpes-cote-dazur","18":"tag-republique-francaise","19":"tag-theatre"},"share_on_mastodon":{"url":"https:\/\/pubeurope.com\/@fr\/114620050155579401","error":""},"_links":{"self":[{"href":"https:\/\/www.europesays.com\/fr\/wp-json\/wp\/v2\/posts\/149184","targetHints":{"allow":["GET"]}}],"collection":[{"href":"https:\/\/www.europesays.com\/fr\/wp-json\/wp\/v2\/posts"}],"about":[{"href":"https:\/\/www.europesays.com\/fr\/wp-json\/wp\/v2\/types\/post"}],"author":[{"embeddable":true,"href":"https:\/\/www.europesays.com\/fr\/wp-json\/wp\/v2\/users\/2"}],"replies":[{"embeddable":true,"href":"https:\/\/www.europesays.com\/fr\/wp-json\/wp\/v2\/comments?post=149184"}],"version-history":[{"count":0,"href":"https:\/\/www.europesays.com\/fr\/wp-json\/wp\/v2\/posts\/149184\/revisions"}],"wp:featuredmedia":[{"embeddable":true,"href":"https:\/\/www.europesays.com\/fr\/wp-json\/wp\/v2\/media\/149185"}],"wp:attachment":[{"href":"https:\/\/www.europesays.com\/fr\/wp-json\/wp\/v2\/media?parent=149184"}],"wp:term":[{"taxonomy":"category","embeddable":true,"href":"https:\/\/www.europesays.com\/fr\/wp-json\/wp\/v2\/categories?post=149184"},{"taxonomy":"post_tag","embeddable":true,"href":"https:\/\/www.europesays.com\/fr\/wp-json\/wp\/v2\/tags?post=149184"}],"curies":[{"name":"wp","href":"https:\/\/api.w.org\/{rel}","templated":true}]}}