{"id":149187,"date":"2025-06-03T15:06:16","date_gmt":"2025-06-03T15:06:16","guid":{"rendered":"https:\/\/www.europesays.com\/fr\/149187\/"},"modified":"2025-06-03T15:06:16","modified_gmt":"2025-06-03T15:06:16","slug":"quest-devenue-bleuette-lagnelle-sauvee-par-la-gendarmerie","status":"publish","type":"post","link":"https:\/\/www.europesays.com\/fr\/149187\/","title":{"rendered":"qu&rsquo;est devenue Bleuette, l&rsquo;agnelle sauv\u00e9e par la gendarmerie\u00a0?"},"content":{"rendered":"<p>            Par<br \/>\n        <strong><br \/>\n            <a href=\"https:\/\/actu.fr\/auteur\/laure-gentil\" title=\"Consulter tous les articles de Laure Gentil\" rel=\"nofollow noopener\" target=\"_blank\">Laure Gentil<\/a><br \/>\n        <\/strong><\/p>\n<p>        Publi\u00e9 le<\/p>\n<p>            3 juin 2025 \u00e0 16h32        <\/p>\n<p>Il y a un peu plus d\u2019un an, la <strong>gendarmerie de Nantes<\/strong> venait <a href=\"https:\/\/actu.fr\/pays-de-la-loire\/nantes_44109\/nantes-les-gendarmes-sauvent-bleuette-une-agnelle-agee-d-un-mois_60762179.html\" rel=\"nofollow noopener\" target=\"_blank\">au secours d\u2019une petite agnelle \u00e2g\u00e9e d\u2019\u00e0 peine un mois.<\/a><\/p>\n<p class=\" wall-content\">Ils l\u2019avaient d\u00e9couverte durant une <strong>op\u00e9ration de contr\u00f4le administratif<\/strong> dans une caravane et l\u2019avaient affectueusement donn\u00e9 le nom de \u00ab\u2009Bleuette\u2009\u00bb. Mais qu\u2019est devenue cette mignonne petite recrue\u2009? Une ann\u00e9e plus tard, Bleuette a bien grandi et se porte bien.<\/p>\n<p>De l\u2019\u00e9co-p\u00e2turage \u00e0 la caserne<\/p>\n<p class=\" wall-content\">Bleuette a \u00e9t\u00e9 confi\u00e9e par les gendarmes aux <strong>\u00e9leveurs de moutons Sheep &amp; Go<\/strong>. Les \u00e9leveurs et la gendarmerie de Nantes se sont associ\u00e9s pour offrir un avenir \u00e0 Bleuette, aujourd\u2019hui devenue un mouton adulte.<\/p>\n<p>    <a href=\"https:\/\/www.facebook.com\/plugins\/post.php?href=https%3A%2F%2Fwww.facebook.com%2Fpermalink.php%3Fstory_fbid%3Dpfbid0UivmbGvdTg5fUzJc4xcjRvXVrM1CZCrHkseRYC2bkKzYpZPRZpsdobuEbBE8t1AXl%26id%3D61564657031830&amp;show_text=true&amp;width=350\" title=\"Ouvrie le lien\" rel=\"nofollow noopener\" target=\"_blank\">Cliquez ici pour visualiser le contenu<\/a><\/p>\n<p class=\" wall-content\">Avec un autre mouton, pr\u00e9nomm\u00e9e C\u00e9cilia, Bleuette est devenue \u00ab\u2009actrice de l\u2019\u00e9co-p\u00e2turage\u2009\u00bb. Elles<strong> entretiennent toutes les deux la caserne de Nantes<\/strong>. \u00ab\u2009Aujourd\u2019hui, nous sommes fiers d\u2019avoir d\u00e9ploy\u00e9, d\u00e8s ce printemps 2025, un projet d\u2019<strong>\u00e9co-p\u00e2turage<\/strong> directement au c\u0153ur de la caserne de la gendarmerie de Nantes\u2009\u00bb, indique Sheep &amp; Go sur ses r\u00e9seaux sociaux.<\/p>\n<p>Vid\u00e9os : en ce moment sur Actu<\/p>\n<p class=\" wall-content\">Suivez toute l\u2019actualit\u00e9 de vos villes et m\u00e9dias favoris en vous inscrivant \u00e0 <a href=\"https:\/\/moncompte.actu.fr\" title=\"D\u00e9couvez Mon Actu\" rel=\"nofollow noopener\" data-trk=\"{&quot;cta&quot;:{&quot;action&quot;:&quot;https:\\\/\\\/moncompte.actu.fr&quot;,&quot;category&quot;:&quot;mon compte&quot;,&quot;from&quot;:&quot;article footer&quot;,&quot;name&quot;:&quot;Mon actu&quot;,&quot;type&quot;:&quot;cta&quot;}}\" target=\"_blank\">Mon Actu<\/a>.<\/p>\n","protected":false},"excerpt":{"rendered":"Par Laure Gentil Publi\u00e9 le 3 juin 2025 \u00e0 16h32 Il y a un peu plus d\u2019un an,&hellip;\n","protected":false},"author":2,"featured_media":149188,"comment_status":"","ping_status":"","sticky":false,"template":"","format":"standard","meta":{"footnotes":""},"categories":[2818],"tags":[1111,11,1867,1777,674,1011,27,3381,1757,766,12,2636,25],"class_list":{"0":"post-149187","1":"post","2":"type-post","3":"status-publish","4":"format-standard","5":"has-post-thumbnail","7":"category-nantes","8":"tag-actu","9":"tag-actualites","10":"tag-animaux","11":"tag-eu","12":"tag-europe","13":"tag-fr","14":"tag-france","15":"tag-gendarmerie","16":"tag-insolite","17":"tag-nantes","18":"tag-news","19":"tag-pays-de-la-loire","20":"tag-republique-francaise"},"share_on_mastodon":{"url":"https:\/\/pubeurope.com\/@fr\/114620057910615563","error":""},"_links":{"self":[{"href":"https:\/\/www.europesays.com\/fr\/wp-json\/wp\/v2\/posts\/149187","targetHints":{"allow":["GET"]}}],"collection":[{"href":"https:\/\/www.europesays.com\/fr\/wp-json\/wp\/v2\/posts"}],"about":[{"href":"https:\/\/www.europesays.com\/fr\/wp-json\/wp\/v2\/types\/post"}],"author":[{"embeddable":true,"href":"https:\/\/www.europesays.com\/fr\/wp-json\/wp\/v2\/users\/2"}],"replies":[{"embeddable":true,"href":"https:\/\/www.europesays.com\/fr\/wp-json\/wp\/v2\/comments?post=149187"}],"version-history":[{"count":0,"href":"https:\/\/www.europesays.com\/fr\/wp-json\/wp\/v2\/posts\/149187\/revisions"}],"wp:featuredmedia":[{"embeddable":true,"href":"https:\/\/www.europesays.com\/fr\/wp-json\/wp\/v2\/media\/149188"}],"wp:attachment":[{"href":"https:\/\/www.europesays.com\/fr\/wp-json\/wp\/v2\/media?parent=149187"}],"wp:term":[{"taxonomy":"category","embeddable":true,"href":"https:\/\/www.europesays.com\/fr\/wp-json\/wp\/v2\/categories?post=149187"},{"taxonomy":"post_tag","embeddable":true,"href":"https:\/\/www.europesays.com\/fr\/wp-json\/wp\/v2\/tags?post=149187"}],"curies":[{"name":"wp","href":"https:\/\/api.w.org\/{rel}","templated":true}]}}