{"id":149193,"date":"2025-06-03T15:09:09","date_gmt":"2025-06-03T15:09:09","guid":{"rendered":"https:\/\/www.europesays.com\/fr\/149193\/"},"modified":"2025-06-03T15:09:09","modified_gmt":"2025-06-03T15:09:09","slug":"n2-michel-audrain-nouvel-entraineur-de-chateaubriant","status":"publish","type":"post","link":"https:\/\/www.europesays.com\/fr\/149193\/","title":{"rendered":"N2 : Michel Audrain nouvel entra\u00eeneur de Ch\u00e2teaubriant"},"content":{"rendered":"<p><img decoding=\"async\" src=\"https:\/\/www.europesays.com\/fr\/wp-content\/uploads\/2025\/06\/671_88cdb46992649a023265f24305c436b3.jpg\" alt=\"N2 : Michel Audrain nouvel entra\u00eeneur de Ch\u00e2teaubriant\" class=\"img-responsive mt-3\"\/><\/p>\n<p class=\"text-center mb-3\" style=\"font-size: 14px\">\u00a9 Iconsport<\/p>\n<p style=\"text-align: justify;\">Michel Audrain remplace Papy Leye \u00e0 la t\u00eate de l&rsquo;\u00e9quipe des Voltigeurs d&rsquo;Avranches en National 2. Leye devait manager g\u00e9n\u00e9ral pour r\u00e9organiser le club.<\/p>\n<p style=\"text-align: justify;\">De son c\u00f4t\u00e9, apr\u00e8s une belle saison \u00e0 Avranches, <a href=\"https:\/\/www.webgirondins.com\/actualite-girondins-n2-michel-audrain-n-est-plus-l-entraineur-de-l-us-avranches-msm-129169\" target=\"_blank\" rel=\"noopener\">Michel Audrain change de club<\/a> et vient relever le d\u00e9fi dans l&rsquo;un des plus petits clubs de l&rsquo;Ouest en N2.<\/p>\n<p style=\"text-align: justify;\">\u00ab\u00a0Michel est pass\u00e9 par le club et on a jou\u00e9 ensemble\u00a0\u00bb, explique le pr\u00e9sident des Voltigeurs Jeff Viool \u00e0 <a href=\"https:\/\/footamateur.ouest-france.fr\/national-2-michel-audrain-nomme-entraineur-de-chateaubriant\/\" target=\"_blank\" rel=\"noopener\">Footamateur<\/a>.<\/p>\n<p style=\"text-align: justify;\">\u00ab\u00a0On avait toujours gard\u00e9 de bonnes relations. Je l\u2019ai revu cette saison lorsqu\u2019on a affront\u00e9 Avranches. Quand on a vu qu\u2019il ne restait pas l\u00e0-bas, on a forc\u00e9ment pens\u00e9 \u00e0 lui parmi les diff\u00e9rents entra\u00eeneurs avec lesquels nous \u00e9tions en contact.\u00a0\u00bb<\/p>\n<p style=\"text-align: justify;\">Michel Audrain a jou\u00e9 aux Girondins de Bordeaux dans les ann\u00e9es 1982 \u00e0 1985, avec qui il a \u00e9t\u00e9 champion de France en 1984 et 1985. Nous l&rsquo;avions re\u00e7u dans note Tlk sur WebGirondins. <a href=\"https:\/\/www.youtube.com\/watch?v=gHpV-HQ2P4I&amp;t=3s\" target=\"_blank\" rel=\"noopener\">C&rsquo;est \u00e0 regarder ici en replay<\/a>.<\/p>\n<p style=\"text-align: justify;\">\u00c0 lire &gt;&gt;\u00a0<strong><a href=\"https:\/\/www.webgirondins.com\/actualite-girondins-girondins-le-plan-de-gerard-lopez-leake-bruno-fievet-denonce-des-chiffres-grotesques-129282\" target=\"_blank\" rel=\"noopener\">Girondins : Le plan de G\u00e9rard Lopez leak\u00e9, Bruno Fievet d\u00e9nonce des \u00ab\u00a0chiffres grotesques\u00a0\u00bb<\/a><br \/><\/strong><\/p>\n<p style=\"text-align: justify;\">Notre podcast court :<\/p>\n","protected":false},"excerpt":{"rendered":"\u00a9 Iconsport Michel Audrain remplace Papy Leye \u00e0 la t\u00eate de l&rsquo;\u00e9quipe des Voltigeurs d&rsquo;Avranches en National 2.&hellip;\n","protected":false},"author":2,"featured_media":149194,"comment_status":"","ping_status":"","sticky":false,"template":"","format":"standard","meta":{"footnotes":""},"categories":[2817],"tags":[1111,11,27844,17295,1997,16823,3530,1446,8374,1994,2263,1777,674,1011,27,2705,3133,3103,3238,12,10542,2219,471,19080,25,8291,27845],"class_list":{"0":"post-149193","1":"post","2":"type-post","3":"status-publish","4":"format-standard","5":"has-post-thumbnail","7":"category-bordeaux","8":"tag-actu","9":"tag-actualites","10":"tag-audrain","11":"tag-avranches","12":"tag-bordeaux","13":"tag-chateaubriant","14":"tag-chez","15":"tag-dans","16":"tag-division","17":"tag-entraineur","18":"tag-equipe","19":"tag-eu","20":"tag-europe","21":"tag-fr","22":"tag-france","23":"tag-groupe","24":"tag-meme","25":"tag-michel","26":"tag-national","27":"tag-news","28":"tag-nouvel","29":"tag-nouvelle-aquitaine","30":"tag-pour","31":"tag-quitte","32":"tag-republique-francaise","33":"tag-rester","34":"tag-voltigeurs"},"share_on_mastodon":{"url":"https:\/\/pubeurope.com\/@fr\/114620069671893383","error":""},"_links":{"self":[{"href":"https:\/\/www.europesays.com\/fr\/wp-json\/wp\/v2\/posts\/149193","targetHints":{"allow":["GET"]}}],"collection":[{"href":"https:\/\/www.europesays.com\/fr\/wp-json\/wp\/v2\/posts"}],"about":[{"href":"https:\/\/www.europesays.com\/fr\/wp-json\/wp\/v2\/types\/post"}],"author":[{"embeddable":true,"href":"https:\/\/www.europesays.com\/fr\/wp-json\/wp\/v2\/users\/2"}],"replies":[{"embeddable":true,"href":"https:\/\/www.europesays.com\/fr\/wp-json\/wp\/v2\/comments?post=149193"}],"version-history":[{"count":0,"href":"https:\/\/www.europesays.com\/fr\/wp-json\/wp\/v2\/posts\/149193\/revisions"}],"wp:featuredmedia":[{"embeddable":true,"href":"https:\/\/www.europesays.com\/fr\/wp-json\/wp\/v2\/media\/149194"}],"wp:attachment":[{"href":"https:\/\/www.europesays.com\/fr\/wp-json\/wp\/v2\/media?parent=149193"}],"wp:term":[{"taxonomy":"category","embeddable":true,"href":"https:\/\/www.europesays.com\/fr\/wp-json\/wp\/v2\/categories?post=149193"},{"taxonomy":"post_tag","embeddable":true,"href":"https:\/\/www.europesays.com\/fr\/wp-json\/wp\/v2\/tags?post=149193"}],"curies":[{"name":"wp","href":"https:\/\/api.w.org\/{rel}","templated":true}]}}