{"id":149197,"date":"2025-06-03T15:11:08","date_gmt":"2025-06-03T15:11:08","guid":{"rendered":"https:\/\/www.europesays.com\/fr\/149197\/"},"modified":"2025-06-03T15:11:08","modified_gmt":"2025-06-03T15:11:08","slug":"la-ligne-a-du-metro-de-toulouse-a-larret-total-ce-quil-se-passe","status":"publish","type":"post","link":"https:\/\/www.europesays.com\/fr\/149197\/","title":{"rendered":"La ligne A du m\u00e9tro de Toulouse \u00e0 l&rsquo;arr\u00eat total : ce qu&rsquo;il se passe"},"content":{"rendered":"<p>            Par<br \/>\n        <strong><br \/>\n            <a href=\"https:\/\/actu.fr\/auteur\/mareva-laville-actu-fr\" title=\"Consulter tous les articles de Mar\u00e9va Laville\" target=\"_blank\" rel=\"noopener\">Mar\u00e9va Laville<\/a><br \/>\n        <\/strong><\/p>\n<p>        Publi\u00e9 le<\/p>\n<p>            3 juin 2025 \u00e0 16h59        <\/p>\n<p>Nouvel arr\u00eat pour le <a href=\"https:\/\/actu.fr\/tag\/metro-de-toulouse\" target=\"_blank\" rel=\"noopener\">m\u00e9tro de Toulouse,<\/a> mais cette fois\u2026 total\u2009! Apr\u00e8s le <a href=\"https:\/\/actu.fr\/occitanie\/toulouse_31555\/la-ligne-b-du-metro-de-toulouse-partiellement-coupee-a-cause-d-un-bagage-abandonne_62717420.html\" target=\"_blank\" rel=\"noopener\">bagage abandonn\u00e9 lundi 2\u00a0juin<\/a>, interrompant une petite partie de la ligne B du m\u00e9tro, c\u2019est d\u00e9sormais l\u2019ensemble des stations de la<strong> ligne A de Toulouse<\/strong> qui sont concern\u00e9es ce mardi 3\u00a0juin 2025.<\/p>\n<p>Un incident technique \u00e0 Jean-Jaur\u00e8s\u00a0\u00e0 l\u2019origine de la panne<\/p>\n<p class=\" wall-content\">L\u2019alerte a \u00e9t\u00e9 donn\u00e9e vers 16h45, presque heure de pointe, par Tiss\u00e9o, qui assure avoir identifi\u00e9 l\u2019origine du probl\u00e8me. Le r\u00e9seau de transports en commun explique\u2009:<\/p>\n<blockquote class=\"ac-article-quote wall-content\">\n<p>Le m\u00e9tro est interrompu dans sa totalit\u00e9 en\u00a0raison d&rsquo;un incident technique sur une rame situ\u00e9e \u00e0 Jean-Jaur\u00e8s.<\/p>\n<p>    <strong>Tiss\u00e9o<\/strong>\n            <\/p><\/blockquote>\n<p class=\" wall-content\">Les \u00e9quipes de Tiss\u00e9o travaillent actuellement \u00e0 la r\u00e9solution de l\u2019incident. Elles communiqueront de nouvelles informations vers 17h15.<\/p>\n<p>\u00c0 d\u00e9faut du m\u00e9tro, les bus d\u00e9ploy\u00e9s<\/p>\n<p class=\" wall-content\">En attendant, le r\u00e9seau de transports en commun invite les voyageurs \u00e0 emprunter les <strong>bus relais de la ligne A<\/strong>. Il s\u2019agit du <strong>Lin\u00e9o 14<\/strong>, entre Basso Cambo et Marengo SCNF, qui se voit prolong\u00e9e par la<strong> ligne A\u2019<\/strong> entre Marengo et Balma-Gramont\u2009; de la <strong>ligne de bus 13<\/strong> qui dessert les stations Bagatelle, Mermoz, Fontaine Lestang et Saint-Cyprien R\u00e9publique\u2009; et enfin de la <strong>ligne 18<\/strong> pour les stations Ar\u00e8nes et Basso Cambo.<\/p>\n<p>D\u2019autres lignes desservent certaines stations sur leur itin\u00e9raire, vous pouvez consulter le <a href=\"https:\/\/plan-interactif.tisseo.fr\/route-calculation\" target=\"_blank\" rel=\"noopener\">calculateur d\u2019itin\u00e9raire<\/a> pour poursuivre votre d\u00e9placement et trouver la solution la plus adapt\u00e9e.Vid\u00e9os : en ce moment sur Actu<\/p>\n<p class=\" wall-content\">Suivez toute l\u2019actualit\u00e9 de vos villes et m\u00e9dias favoris en vous inscrivant \u00e0 <a href=\"https:\/\/moncompte.actu.fr\" title=\"D\u00e9couvez Mon Actu\" rel=\"nofollow noopener\" data-trk=\"{&quot;cta&quot;:{&quot;action&quot;:&quot;https:\\\/\\\/moncompte.actu.fr&quot;,&quot;category&quot;:&quot;mon compte&quot;,&quot;from&quot;:&quot;article footer&quot;,&quot;name&quot;:&quot;Mon actu&quot;,&quot;type&quot;:&quot;cta&quot;}}\" target=\"_blank\">Mon Actu<\/a>.<\/p>\n<ul class=\"ac-article-tag wall-content\">\n<li><a href=\"https:\/\/actu.fr\/tag\/metro-de-toulouse\" data-trk=\"{&quot;cta&quot;:{&quot;action&quot;:&quot;M\\u00e9tro de Toulouse&quot;,&quot;category&quot;:&quot;tag&quot;,&quot;from&quot;:&quot;article footer&quot;,&quot;name&quot;:&quot;M\\u00e9tro de Toulouse&quot;,&quot;type&quot;:&quot;cta&quot;}}\" target=\"_blank\" rel=\"noopener\">#M\u00e9tro de Toulouse<\/a><\/li>\n<li><a href=\"https:\/\/actu.fr\/tag\/tisseo\" data-trk=\"{&quot;cta&quot;:{&quot;action&quot;:&quot;Tiss\\u00e9o&quot;,&quot;category&quot;:&quot;tag&quot;,&quot;from&quot;:&quot;article footer&quot;,&quot;name&quot;:&quot;Tiss\\u00e9o&quot;,&quot;type&quot;:&quot;cta&quot;}}\" target=\"_blank\" rel=\"noopener\">#Tiss\u00e9o<\/a><\/li>\n<\/ul>\n","protected":false},"excerpt":{"rendered":"Par Mar\u00e9va Laville Publi\u00e9 le 3 juin 2025 \u00e0 16h59 Nouvel arr\u00eat pour le m\u00e9tro de Toulouse, mais&hellip;\n","protected":false},"author":2,"featured_media":35140,"comment_status":"","ping_status":"","sticky":false,"template":"","format":"standard","meta":{"footnotes":""},"categories":[2816],"tags":[1111,11,1777,674,118,1011,27,10596,12,2680,25,5400,2312],"class_list":{"0":"post-149197","1":"post","2":"type-post","3":"status-publish","4":"format-standard","5":"has-post-thumbnail","7":"category-toulouse","8":"tag-actu","9":"tag-actualites","10":"tag-eu","11":"tag-europe","12":"tag-faits-divers","13":"tag-fr","14":"tag-france","15":"tag-metro-de-toulouse","16":"tag-news","17":"tag-occitanie","18":"tag-republique-francaise","19":"tag-tisseo","20":"tag-toulouse"},"share_on_mastodon":{"url":"https:\/\/pubeurope.com\/@fr\/114620077534955185","error":""},"_links":{"self":[{"href":"https:\/\/www.europesays.com\/fr\/wp-json\/wp\/v2\/posts\/149197","targetHints":{"allow":["GET"]}}],"collection":[{"href":"https:\/\/www.europesays.com\/fr\/wp-json\/wp\/v2\/posts"}],"about":[{"href":"https:\/\/www.europesays.com\/fr\/wp-json\/wp\/v2\/types\/post"}],"author":[{"embeddable":true,"href":"https:\/\/www.europesays.com\/fr\/wp-json\/wp\/v2\/users\/2"}],"replies":[{"embeddable":true,"href":"https:\/\/www.europesays.com\/fr\/wp-json\/wp\/v2\/comments?post=149197"}],"version-history":[{"count":0,"href":"https:\/\/www.europesays.com\/fr\/wp-json\/wp\/v2\/posts\/149197\/revisions"}],"wp:featuredmedia":[{"embeddable":true,"href":"https:\/\/www.europesays.com\/fr\/wp-json\/wp\/v2\/media\/35140"}],"wp:attachment":[{"href":"https:\/\/www.europesays.com\/fr\/wp-json\/wp\/v2\/media?parent=149197"}],"wp:term":[{"taxonomy":"category","embeddable":true,"href":"https:\/\/www.europesays.com\/fr\/wp-json\/wp\/v2\/categories?post=149197"},{"taxonomy":"post_tag","embeddable":true,"href":"https:\/\/www.europesays.com\/fr\/wp-json\/wp\/v2\/tags?post=149197"}],"curies":[{"name":"wp","href":"https:\/\/api.w.org\/{rel}","templated":true}]}}