{"id":149209,"date":"2025-06-03T15:18:09","date_gmt":"2025-06-03T15:18:09","guid":{"rendered":"https:\/\/www.europesays.com\/fr\/149209\/"},"modified":"2025-06-03T15:18:09","modified_gmt":"2025-06-03T15:18:09","slug":"metro-rer-bus-les-amendes-augmentent-dans-les-transports-en-commun-dile-de-france","status":"publish","type":"post","link":"https:\/\/www.europesays.com\/fr\/149209\/","title":{"rendered":"M\u00e9tro, RER, bus\u2026 Les amendes augmentent dans les transports en commun d\u2019\u00cele-de-France"},"content":{"rendered":"<p>Gare aux resquilleurs dans les transports en commun d\u2019\u00cele-de-France. Plusieurs amendes ont en effet augment\u00e9 depuis le lundi\u00a02\u00a0juin 2025 sur le r\u00e9seau RATP, dans le cadre d\u2019un vaste plan de lutte contre la fraude. Annonc\u00e9 en f\u00e9vrier dernier par la pr\u00e9sidente de r\u00e9gion, Val\u00e9rie P\u00e9cresse, ce plan vise \u00e0 enrayer un ph\u00e9nom\u00e8ne qui repr\u00e9sente <strong>\u00ab\u00a0plusieurs dizaines de millions d\u2019euros de pertes annuelles\u00a0\u00bb<\/strong> et plus de 1,7\u00a0million d\u2019infractions chaque ann\u00e9e sur l\u2019ensemble du r\u00e9seau, rapporte  <a href=\"https:\/\/www.leparisien.fr\/info-paris-ile-de-france-oise\/transports\/fraude-dans-les-transports-attention-la-ratp-triple-le-montant-de-certaines-amendes-a-partir-de-ce-lundi-02-06-2025-OJPLOPNNGRCJLIRUM2AZVCKJQI.php?ts=1748947155763\" target=\"_blank\" rel=\"noopener\">Le Parisien<\/a> .<\/p>\n<p>Pour y faire face, la RATP mobilise chaque jour entre 400 et 600\u00a0agents de contr\u00f4le, pr\u00e9cise <a href=\"https:\/\/www.bfmtv.com\/paris\/de-5-a-15-euros-plusieurs-amendes-augmentent-ce-lundi-dans-les-transports-en-commun-en-ile-de-france_AN-202506020433.html\" target=\"_blank\" rel=\"noopener\"> BFMTV. <\/a> Depuis le lancement du dispositif en f\u00e9vrier, 270\u00a0000\u00a0voyageurs ont ainsi \u00e9t\u00e9 contr\u00f4l\u00e9s et 11\u00a0500\u00a0amendes dress\u00e9es.<\/p>\n<p>Trois cat\u00e9gories d\u2019amendes revaloris\u00e9es<\/p>\n<p>Trois types d\u2019amendes forfaitaires voient leur montant augmenter. L\u2019amende pour voyage sans titre de transport ou franchissement illicite des tourniquets passe d\u00e9sormais \u00e0 70\u00a0\u20ac, si elle est r\u00e9gl\u00e9e imm\u00e9diatement (contre 50\u00a0\u20ac auparavant). En cas de paiement diff\u00e9r\u00e9, elle grimpe \u00e0 120\u00a0\u20ac, contre 100\u00a0auparavant.<\/p>\n<p>Autre cas\u00a0: la non-validation d\u2019un abonnement. Dans le m\u00e9tro ou le RER, l\u2019amende passe \u00e9galement \u00e0 70\u00a0\u20ac, soit le m\u00eame montant que pour un voyage sans ticket. Dans les bus et tramways, la non-validation est d\u00e9sormais sanctionn\u00e9e \u00e0 hauteur de 15\u00a0\u20ac, contre 5\u00a0\u20ac auparavant, soit un triplement du tarif.<\/p>\n<p>Des infractions \u00ab\u00a0comportementales\u00a0\u00bb\u00a0plus s\u00e9v\u00e8rement punies<\/p>\n<p>La RATP va \u00e9galement\u00a0se conformer \u00e0 des directives nationales concernant les infractions dites <strong>\u00ab\u00a0comportementales\u00a0\u00bb<\/strong>. Celles-ci\u00a0repr\u00e9sentent 20\u00a0% des verbalisations, selon le quotidien francilien. Par exemple, fumer une cigarette ou vapoter sur le r\u00e9seau vous co\u00fbtera d\u00e9sormais 135\u00a0\u20ac, contre 68\u00a0\u20ac auparavant. La RATP a demand\u00e9 \u00e0 ses agents de faire preuve de cl\u00e9mence pendant les premiers jours d\u2019application du nouveau bar\u00e8me.\u00a0<\/p>\n<p>\u00a0<\/p>\n","protected":false},"excerpt":{"rendered":"Gare aux resquilleurs dans les transports en commun d\u2019\u00cele-de-France. Plusieurs amendes ont en effet augment\u00e9 depuis le lundi\u00a02\u00a0juin&hellip;\n","protected":false},"author":2,"featured_media":149210,"comment_status":"","ping_status":"","sticky":false,"template":"","format":"standard","meta":{"footnotes":""},"categories":[1592],"tags":[1111,11,7622,16104,7048,19001,1777,674,1011,27,662,2047,4047,12,626,25,12396,800],"class_list":{"0":"post-149209","1":"post","2":"type-post","3":"status-publish","4":"format-standard","5":"has-post-thumbnail","7":"category-ile-de-france","8":"tag-actu","9":"tag-actualites","10":"tag-amendes","11":"tag-augmentent","12":"tag-bus","13":"tag-commun","14":"tag-eu","15":"tag-europe","16":"tag-fr","17":"tag-france","18":"tag-ile-de-france","19":"tag-mans","20":"tag-metro","21":"tag-news","22":"tag-paris","23":"tag-republique-francaise","24":"tag-rer","25":"tag-transports"},"share_on_mastodon":{"url":"https:\/\/pubeurope.com\/@fr\/114620104965787048","error":""},"_links":{"self":[{"href":"https:\/\/www.europesays.com\/fr\/wp-json\/wp\/v2\/posts\/149209","targetHints":{"allow":["GET"]}}],"collection":[{"href":"https:\/\/www.europesays.com\/fr\/wp-json\/wp\/v2\/posts"}],"about":[{"href":"https:\/\/www.europesays.com\/fr\/wp-json\/wp\/v2\/types\/post"}],"author":[{"embeddable":true,"href":"https:\/\/www.europesays.com\/fr\/wp-json\/wp\/v2\/users\/2"}],"replies":[{"embeddable":true,"href":"https:\/\/www.europesays.com\/fr\/wp-json\/wp\/v2\/comments?post=149209"}],"version-history":[{"count":0,"href":"https:\/\/www.europesays.com\/fr\/wp-json\/wp\/v2\/posts\/149209\/revisions"}],"wp:featuredmedia":[{"embeddable":true,"href":"https:\/\/www.europesays.com\/fr\/wp-json\/wp\/v2\/media\/149210"}],"wp:attachment":[{"href":"https:\/\/www.europesays.com\/fr\/wp-json\/wp\/v2\/media?parent=149209"}],"wp:term":[{"taxonomy":"category","embeddable":true,"href":"https:\/\/www.europesays.com\/fr\/wp-json\/wp\/v2\/categories?post=149209"},{"taxonomy":"post_tag","embeddable":true,"href":"https:\/\/www.europesays.com\/fr\/wp-json\/wp\/v2\/tags?post=149209"}],"curies":[{"name":"wp","href":"https:\/\/api.w.org\/{rel}","templated":true}]}}