{"id":14921,"date":"2025-04-10T12:15:10","date_gmt":"2025-04-10T12:15:10","guid":{"rendered":"https:\/\/www.europesays.com\/fr\/14921\/"},"modified":"2025-04-10T12:15:10","modified_gmt":"2025-04-10T12:15:10","slug":"lile-de-france-compte-davantage-de-quartiers-pauvres-en-2024","status":"publish","type":"post","link":"https:\/\/www.europesays.com\/fr\/14921\/","title":{"rendered":"L\u2019\u00cele-de-France compte davantage de quartiers pauvres en 2024"},"content":{"rendered":"<p>En 2024, la r\u00e9gion compte 298 quartiers prioritaires, contre 272 en 2015. Un Francilien sur sept r\u00e9side dans l\u2019un d\u2019eux.<\/p>\n<p class=\"fig-paragraph\">La nouvelle g\u00e9ographie des quartiers prioritaires de la politique de la ville (QPV) en \u00cele-de-France montre un renforcement de\u00a0<a href=\"http:\/\/www.lefigaro.fr\/actualite-france\/la-pauvrete-n-explose-pas-mais-elle-gagne-du-terrain-en-france-alerte-l-observatoire-des-inegalites-20241205\" target=\"_blank\" data-fig-type=\"Article\" rel=\"noopener\" data-gtm-custom-categorie=\"navigation\" data-gtm-custom-action=\"crossclick\" data-gtm-custom-label=\"Contextuel\" data-gtm-event=\"customEventSPE\" data-fig-domain=\"LEFIGARO\">la pauvret\u00e9<\/a>, notamment en\u00a0<a href=\"https:\/\/www.lefigaro.fr\/tag\/seine-saint-denis\" target=\"_blank\" rel=\"noopener\" data-gtm-custom-categorie=\"navigation\" data-gtm-custom-action=\"crossclick\" data-gtm-custom-label=\"Contextuel\" data-gtm-event=\"customEventSPE\">Seine-Saint-Denis<\/a>, mais aussi la gentrification de certains secteurs, selon une \u00e9tude publi\u00e9e mercredi 9 avril par l&rsquo;Institut Paris R\u00e9gion.<\/p>\n<p class=\"fig-paragraph\">Avec 1,7 million d&rsquo;habitants situ\u00e9s dans les quartiers prioritaires en 2024, soit un Francilien sur sept et 32% des habitants des QPV de France m\u00e9tropolitaine, l&rsquo;\u00cele-de-France est la r\u00e9gion la plus concern\u00e9e par la politique de la ville et ses dispositifs renforc\u00e9s en mati\u00e8re d&rsquo;\u00e9ducation, de culture, de sant\u00e9, d&#8217;emploi ou de logement. En 2024, l&rsquo;\u00cele-de-France compte 298 quartiers prioritaires selon la g\u00e9ographie actualis\u00e9e, contre 272 en 2015, tandis que la part des habitants de QPV s&rsquo;est davantage renforc\u00e9e en \u00cele-de-France qu&rsquo;en province. Cette progression est \u00abla plus forte dans les quatre d\u00e9partements d\u00e9j\u00e0 les plus concern\u00e9s, signe d&rsquo;une polarisation des espaces les plus pauvres\u00bb, notamment en Seine-Saint-Denis.<\/p>\n<p>\u00abInaccessibilit\u00e9 du logement\u00bb<\/p>\n<p class=\"fig-paragraph\">Dans certaines communes, plus de 80% de la population est en g\u00e9ographie prioritaire, comme Aubervilliers (90%), La Courneuve (88%) ou Grigny (86%). \u00abLa nouvelle g\u00e9ographie prioritaire traduit la paup\u00e9risation d&rsquo;importants secteurs urbains, mais aussi des effets de valorisation, \u00e0 proximit\u00e9 de Paris, dans les sites les mieux desservis et dans les projets d&rsquo;am\u00e9nagement impliquant une diversification de l&rsquo;offre de logements avec un rench\u00e9rissement des prix\u00bb, rel\u00e8vent les deux auteures. Parmi les facteurs explicatifs, \u00abl&rsquo;inaccessibilit\u00e9 du logement\u00bb mais aussi la \u00abgentrification des communes limitrophes de Paris\u00bb, avec l&rsquo;arriv\u00e9e du Grand Paris Express et ses quatre nouvelles lignes de m\u00e9tro automatique.<\/p>\n<p class=\"fig-paragraph\">Les QPV franciliens accueillent une population globalement \u00abplus active, plus dipl\u00f4m\u00e9e, plus familiale et plus immigr\u00e9e\u00bb que dans les autres r\u00e9gions, et les logements y sont davantage suroccup\u00e9s. \u00c0 noter aussi des m\u00e9nages \u00abseuls et \u00e2g\u00e9s plus fr\u00e9quents \u00e0 Paris\u00bb et un profil \u00abplus jeune et familial en Seine-Saint-Denis\u00bb. L&rsquo;installation de m\u00e9nages aux revenus plus \u00e9lev\u00e9s et la baisse de la population constituent les deux principaux facteurs de sortie de la politique de la ville. L&rsquo;impact des programmes de renouvellement urbain, avec ses op\u00e9rations de d\u00e9molition reconstruction de grands ensembles et de diversification de l&rsquo;habitat, est \u00e9galement jug\u00e9 \u00abmanifeste\u00bb. En revanche, des zones pavillonnaires \u00abfortement pr\u00e9caris\u00e9es\u00bb sont situ\u00e9es hors QPV faute de densit\u00e9 de population suffisante.<\/p>\n<p>\u00a0\u00bb<br \/>\n        data-script=\u00a0\u00bbhttps:\/\/static.lefigaro.fr\/widget-video\/short-ttl\/video\/index.js\u00a0\u00bb<br \/>\n    &gt;<\/p>\n","protected":false},"excerpt":{"rendered":"En 2024, la r\u00e9gion compte 298 quartiers prioritaires, contre 272 en 2015. Un Francilien sur sept r\u00e9side dans&hellip;\n","protected":false},"author":2,"featured_media":14922,"comment_status":"","ping_status":"","sticky":false,"template":"","format":"standard","meta":{"footnotes":""},"categories":[1592],"tags":[1111,47,11,1109,1112,1777,674,118,1108,107,1106,1107,1011,27,662,1110,1114,14,12,1113,626,4518,316,6347,25],"class_list":{"0":"post-14921","1":"post","2":"type-post","3":"status-publish","4":"format-standard","5":"has-post-thumbnail","7":"category-ile-de-france","8":"tag-actu","9":"tag-actualite","10":"tag-actualites","11":"tag-breves","12":"tag-depeches","13":"tag-eu","14":"tag-europe","15":"tag-faits-divers","16":"tag-fil","17":"tag-fil-info","18":"tag-flash","19":"tag-flash-actu","20":"tag-fr","21":"tag-france","22":"tag-ile-de-france","23":"tag-informations","24":"tag-infos","25":"tag-international","26":"tag-news","27":"tag-nouvelles","28":"tag-paris","29":"tag-pauvrete","30":"tag-politique","31":"tag-politique-de-la-ville","32":"tag-republique-francaise"},"share_on_mastodon":{"url":"https:\/\/pubeurope.com\/@fr\/114313620635130961","error":""},"_links":{"self":[{"href":"https:\/\/www.europesays.com\/fr\/wp-json\/wp\/v2\/posts\/14921","targetHints":{"allow":["GET"]}}],"collection":[{"href":"https:\/\/www.europesays.com\/fr\/wp-json\/wp\/v2\/posts"}],"about":[{"href":"https:\/\/www.europesays.com\/fr\/wp-json\/wp\/v2\/types\/post"}],"author":[{"embeddable":true,"href":"https:\/\/www.europesays.com\/fr\/wp-json\/wp\/v2\/users\/2"}],"replies":[{"embeddable":true,"href":"https:\/\/www.europesays.com\/fr\/wp-json\/wp\/v2\/comments?post=14921"}],"version-history":[{"count":0,"href":"https:\/\/www.europesays.com\/fr\/wp-json\/wp\/v2\/posts\/14921\/revisions"}],"wp:featuredmedia":[{"embeddable":true,"href":"https:\/\/www.europesays.com\/fr\/wp-json\/wp\/v2\/media\/14922"}],"wp:attachment":[{"href":"https:\/\/www.europesays.com\/fr\/wp-json\/wp\/v2\/media?parent=14921"}],"wp:term":[{"taxonomy":"category","embeddable":true,"href":"https:\/\/www.europesays.com\/fr\/wp-json\/wp\/v2\/categories?post=14921"},{"taxonomy":"post_tag","embeddable":true,"href":"https:\/\/www.europesays.com\/fr\/wp-json\/wp\/v2\/tags?post=14921"}],"curies":[{"name":"wp","href":"https:\/\/api.w.org\/{rel}","templated":true}]}}