{"id":149213,"date":"2025-06-03T15:20:19","date_gmt":"2025-06-03T15:20:19","guid":{"rendered":"https:\/\/www.europesays.com\/fr\/149213\/"},"modified":"2025-06-03T15:20:19","modified_gmt":"2025-06-03T15:20:19","slug":"sting-de-retour-a-paris-en-fevrier-2026-pour-jouer-sa-comedie-musicale","status":"publish","type":"post","link":"https:\/\/www.europesays.com\/fr\/149213\/","title":{"rendered":"Sting de retour \u00e0 Paris en f\u00e9vrier 2026 pour jouer sa com\u00e9die musicale"},"content":{"rendered":"<p>Apr\u00e8s son concert \u00e0 l\u2019Accor Arena \u00e0 Paris le 9 octobre 2025, le chanteur britannique sera de retour en f\u00e9vrier 2026 avec son musical adapt\u00e9 de son album sorti en 2013, The Last Ship.<\/p>\n<p class=\"fig-paragraph\">Un show moins attendu, mais qui lui tient \u00e0 c\u0153ur. Le chanteur britannique\u00a0<a href=\"http:\/\/www.lefigaro.fr\/musique\/sting-annule-subitement-une-serie-de-concerts-en-raison-de-soucis-de-sante-20250123\" target=\"_blank\" data-fig-type=\"Article\" rel=\"noopener\" data-gtm-custom-categorie=\"navigation\" data-gtm-custom-action=\"crossclick\" data-gtm-custom-label=\"Contextuel\" data-gtm-event=\"customEventSPE\" data-fig-domain=\"LEFIGARO\">Sting<\/a>, l&rsquo;une des l\u00e9gendes vivantes du rock comme figure du groupe The Police, sera \u00e0 Paris en f\u00e9vrier 2026 avec sa com\u00e9die musicale The Last Ship, a-t-il annonc\u00e9 lundi au\u00a0<a href=\"https:\/\/www.leparisien.fr\/culture-loisirs\/musique\/sting-jouera-sa-comedie-musicale-the-last-ship-a-paris-en-2026-je-suis-de-la-classe-ouvriere-02-06-2025-SCHZXJG7IVHHJIDSUE4EBSZKCY.php\" target=\"_blank\" rel=\"nofollow noopener\" data-gtm-custom-categorie=\"navigation\" data-gtm-custom-action=\"crossclick\" data-gtm-custom-label=\"Contextuel\" data-gtm-event=\"customEventSPE\">Parisien<\/a> .<\/p>\n<p class=\"fig-paragraph\">Le spectacle sera jou\u00e9 \u00e0 la Seine musicale, aux portes de la capitale, \u00e0 partir du 18 f\u00e9vrier. The Last Ship est au d\u00e9part un\u00a0<a href=\"https:\/\/www.lefigaro.fr\/musique\/2013\/07\/10\/03006-20130710ARTFIG00477-sting-annonce-the-last-ship-album-et-comedie-musicale-autobiographiques.php\" data-fig-type=\"Article\" data-gtm-custom-categorie=\"navigation\" data-gtm-custom-action=\"crossclick\" data-gtm-custom-label=\"Contextuel\" data-gtm-event=\"customEventSPE\" data-fig-domain=\"LEFIGARO\" target=\"_blank\" rel=\"noopener\">album concept, sorti en 2013<\/a>, qui \u00e9voque l&rsquo;histoire des anciens chantiers navals de Newcastle, ville natale du rockeur, dans le nord-est de l&rsquo;Angleterre. L&rsquo;album a finalement \u00e9t\u00e9 adapt\u00e9 en com\u00e9die musicale en 2014.<\/p>\n<p>Un d\u00e9marrage rat\u00e9 \u00e0 Broadway<\/p>\n<p class=\"fig-paragraph\">Mais les premi\u00e8res repr\u00e9sentations \u00e0\u00a0<a href=\"http:\/\/www.lefigaro.fr\/theatre\/pour-ses-debuts-a-broadway-george-clooney-obtient-sa-premiere-nomination-aux-tony-awards-20250502\" target=\"_blank\" data-fig-type=\"Article\" rel=\"noopener\" data-gtm-custom-categorie=\"navigation\" data-gtm-custom-action=\"crossclick\" data-gtm-custom-label=\"Contextuel\" data-gtm-event=\"customEventSPE\" data-fig-domain=\"LEFIGARO\">Broadway<\/a>\u00a0n&rsquo;avaient dur\u00e9 que quelques mois, le spectacle n&rsquo;ayant pas trouv\u00e9 son public malgr\u00e9 la pr\u00e9sence de Sting sur les planches. Il a depuis \u00e9t\u00e9 jou\u00e9 dans d&rsquo;autres villes et pays. \u00ab\u00a0Certains personnages vont et viennent, des chansons changent. Le show \u00e0 Paris sera diff\u00e9rent de celui qui a \u00e9t\u00e9 jou\u00e9 l&rsquo;an dernier ou plus r\u00e9cemment au Danemark. Je le fais \u00e9voluer tout le temps, cela me fascine\u00a0\u00bb, a-t-il d\u00e9clar\u00e9 au Parisien.<\/p>\n<p class=\"fig-paragraph\">En parall\u00e8le, l&rsquo;interpr\u00e8te de Shape of my heart, laur\u00e9at de 17 Grammy awards, poursuit sa tourn\u00e9e mondiale intitul\u00e9e \u00ab\u00a03.0\u00a0\u00bb\u00a0: Sting sera sur la sc\u00e8ne de l&rsquo;Accor Arena \u00e0 Paris le 9 octobre 2025 et \u00e0 l&rsquo;Arena Sud de France de Montpellier le 11 octobre.<\/p>\n<p class=\"fig-paragraph\"><strong>EN VID\u00c9O &#8211; La bande-annonce du spectacle en 2019 \u00e0 Toronto\u00a0<\/strong><\/p>\n","protected":false},"excerpt":{"rendered":"Apr\u00e8s son concert \u00e0 l\u2019Accor Arena \u00e0 Paris le 9 octobre 2025, le chanteur britannique sera de retour&hellip;\n","protected":false},"author":2,"featured_media":149214,"comment_status":"","ping_status":"","sticky":false,"template":"","format":"standard","meta":{"footnotes":""},"categories":[1888],"tags":[1111,1928,11,1927,2937,2932,2935,1696,2934,11722,2933,1777,674,1011,27,873,2936,1698,12,1926,626,1925,25,27847],"class_list":{"0":"post-149213","1":"post","2":"type-post","3":"status-publish","4":"format-standard","5":"has-post-thumbnail","7":"category-paris","8":"tag-actu","9":"tag-actu-paris","10":"tag-actualites","11":"tag-actualites-paris","12":"tag-artistes","13":"tag-cd","14":"tag-chansons","15":"tag-chanteur","16":"tag-chason","17":"tag-comedie-musicale","18":"tag-dvd","19":"tag-eu","20":"tag-europe","21":"tag-fr","22":"tag-france","23":"tag-musique","24":"tag-musique-classique","25":"tag-musiques","26":"tag-news","27":"tag-news-paris","28":"tag-paris","29":"tag-paris-news","30":"tag-republique-francaise","31":"tag-sting"},"share_on_mastodon":{"url":"https:\/\/pubeurope.com\/@fr\/114620112804427171","error":""},"_links":{"self":[{"href":"https:\/\/www.europesays.com\/fr\/wp-json\/wp\/v2\/posts\/149213","targetHints":{"allow":["GET"]}}],"collection":[{"href":"https:\/\/www.europesays.com\/fr\/wp-json\/wp\/v2\/posts"}],"about":[{"href":"https:\/\/www.europesays.com\/fr\/wp-json\/wp\/v2\/types\/post"}],"author":[{"embeddable":true,"href":"https:\/\/www.europesays.com\/fr\/wp-json\/wp\/v2\/users\/2"}],"replies":[{"embeddable":true,"href":"https:\/\/www.europesays.com\/fr\/wp-json\/wp\/v2\/comments?post=149213"}],"version-history":[{"count":0,"href":"https:\/\/www.europesays.com\/fr\/wp-json\/wp\/v2\/posts\/149213\/revisions"}],"wp:featuredmedia":[{"embeddable":true,"href":"https:\/\/www.europesays.com\/fr\/wp-json\/wp\/v2\/media\/149214"}],"wp:attachment":[{"href":"https:\/\/www.europesays.com\/fr\/wp-json\/wp\/v2\/media?parent=149213"}],"wp:term":[{"taxonomy":"category","embeddable":true,"href":"https:\/\/www.europesays.com\/fr\/wp-json\/wp\/v2\/categories?post=149213"},{"taxonomy":"post_tag","embeddable":true,"href":"https:\/\/www.europesays.com\/fr\/wp-json\/wp\/v2\/tags?post=149213"}],"curies":[{"name":"wp","href":"https:\/\/api.w.org\/{rel}","templated":true}]}}