{"id":149235,"date":"2025-06-03T15:31:10","date_gmt":"2025-06-03T15:31:10","guid":{"rendered":"https:\/\/www.europesays.com\/fr\/149235\/"},"modified":"2025-06-03T15:31:10","modified_gmt":"2025-06-03T15:31:10","slug":"christophe-b-un-suspect-radicalise-actif-en-ligne-liberation","status":"publish","type":"post","link":"https:\/\/www.europesays.com\/fr\/149235\/","title":{"rendered":"Christophe B., un suspect radicalis\u00e9 actif en ligne \u2013 Lib\u00e9ration"},"content":{"rendered":"<p class=\"sc-ksZaOG ehjQrN text-element\">\u00abPour la chasse\u00bb, commente, avec un \u00e9moji clin d\u2019\u0153il, un de ses amis sous la photo d\u2019un pistolet semi-automatique post\u00e9 en ligne par Christophe B. en mai 2023 sur son compte Facebook, que Lib\u00e9ration a pu identifier. R\u00e9ponse de l\u2019int\u00e9ress\u00e9 : \u00abmdr\u00bb, pour \u00abmort de rire\u00bb. Ce type de \u00abblagues\u00bb et le reste du contenu du profil Facebook ouvert du suspect dans le meurtre d\u2019un homme de nationalit\u00e9 tunisienne, samedi 31 mai \u00e0 Puget-sur-Argens (Var), dressent le profil d\u2019un individu p\u00e9tri d\u2019obsessions racistes et abreuv\u00e9 d\u2019id\u00e9ologie d\u2019extr\u00eame droite, voire d\u2019extr\u00eame droite radicale, p\u00each\u00e9e sur les sites de la fachosph\u00e8re. Un homme qui a revendiqu\u00e9 son acte en publiant des vid\u00e9os aux allures de manifeste, tr\u00e8s politiques, dans lesquelles il appelle \u00ables Fran\u00e7ais\u00bb \u00e0 \u00abcartonner\u00bb des \u00e9trangers. A tel point que \u2013 et c\u2019est une premi\u00e8re apr\u00e8s ce type de passage \u00e0 l\u2019acte <a href=\"https:\/\/www.liberation.fr\/societe\/police-justice\/parquet-antiterroriste-saisi-videos-racistes-du-suspect-ce-que-lon-sait-du-meurtre-dun-tunisien-dans-le-var-20250602_NCT5YYNYS5AILNUGNEOMUBEZG4\/\" target=\"_blank\" rel=\"noreferrer nofollow noopener\" title=\"https:\/\/www.liberation.fr\/societe\/police-justice\/parquet-antiterroriste-saisi-videos-racistes-du-suspect-ce-que-lon-sait-du-meurtre-dun-tunisien-dans-le-var-20250602_NCT5YYNYS5AILNUGNEOMUBEZG4\/\">&#8211; le Parquet national antiterroriste (Pnat) s\u2019est saisi<\/a>.<\/p>\n<p class=\"sc-ksZaOG ehjQrN text-element\">Sur sa page Facebook, comme l\u2019a soulign\u00e9 le Monde, le Pug\u00e9tois publie de nombreux posts en ra<\/p>\n","protected":false},"excerpt":{"rendered":"\u00abPour la chasse\u00bb, commente, avec un \u00e9moji clin d\u2019\u0153il, un de ses amis sous la photo d\u2019un pistolet&hellip;\n","protected":false},"author":2,"featured_media":149236,"comment_status":"","ping_status":"","sticky":false,"template":"","format":"standard","meta":{"footnotes":""},"categories":[2],"tags":[11,27849,1076,1011,27,12,25,1254],"class_list":{"0":"post-149235","1":"post","2":"type-post","3":"status-publish","4":"format-standard","5":"has-post-thumbnail","7":"category-actualites","8":"tag-actualites","9":"tag-attentat-raciste-puget-sur-argens","10":"tag-extreme-droite","11":"tag-fr","12":"tag-france","13":"tag-news","14":"tag-republique-francaise","15":"tag-terrorisme"},"share_on_mastodon":{"url":"https:\/\/pubeurope.com\/@fr\/114620156236504597","error":""},"_links":{"self":[{"href":"https:\/\/www.europesays.com\/fr\/wp-json\/wp\/v2\/posts\/149235","targetHints":{"allow":["GET"]}}],"collection":[{"href":"https:\/\/www.europesays.com\/fr\/wp-json\/wp\/v2\/posts"}],"about":[{"href":"https:\/\/www.europesays.com\/fr\/wp-json\/wp\/v2\/types\/post"}],"author":[{"embeddable":true,"href":"https:\/\/www.europesays.com\/fr\/wp-json\/wp\/v2\/users\/2"}],"replies":[{"embeddable":true,"href":"https:\/\/www.europesays.com\/fr\/wp-json\/wp\/v2\/comments?post=149235"}],"version-history":[{"count":0,"href":"https:\/\/www.europesays.com\/fr\/wp-json\/wp\/v2\/posts\/149235\/revisions"}],"wp:featuredmedia":[{"embeddable":true,"href":"https:\/\/www.europesays.com\/fr\/wp-json\/wp\/v2\/media\/149236"}],"wp:attachment":[{"href":"https:\/\/www.europesays.com\/fr\/wp-json\/wp\/v2\/media?parent=149235"}],"wp:term":[{"taxonomy":"category","embeddable":true,"href":"https:\/\/www.europesays.com\/fr\/wp-json\/wp\/v2\/categories?post=149235"},{"taxonomy":"post_tag","embeddable":true,"href":"https:\/\/www.europesays.com\/fr\/wp-json\/wp\/v2\/tags?post=149235"}],"curies":[{"name":"wp","href":"https:\/\/api.w.org\/{rel}","templated":true}]}}