{"id":14925,"date":"2025-04-10T12:17:09","date_gmt":"2025-04-10T12:17:09","guid":{"rendered":"https:\/\/www.europesays.com\/fr\/14925\/"},"modified":"2025-04-10T12:17:09","modified_gmt":"2025-04-10T12:17:09","slug":"les-bourses-europeennes-dont-celle-de-paris-decollent-a-louverture","status":"publish","type":"post","link":"https:\/\/www.europesays.com\/fr\/14925\/","title":{"rendered":"les Bourses europ\u00e9ennes, dont celle de Paris, d\u00e9collent \u00e0 l&rsquo;ouverture"},"content":{"rendered":"<p class=\"article-p mdl\">Les march\u00e9s financiers reprennent de la couleur apr\u00e8s l&rsquo;annonce de Donald Trump de suspendre pendant 90 jours l&rsquo;ex\u00e9cution de ses droits de douane \u00ab\u00a0r\u00e9ciproques\u00a0\u00bb pour ses partenaires commerciaux, \u00e0 l&rsquo;exception de la Chine toujours tax\u00e9e \u00e0 125%. Lors des premiers \u00e9changes, ce jeudi 10 avril, dans les bourses europ\u00e9ennes, la place parisienne, le CAC 40, gagnait 6,27%. Le DAX \u00e0 Francfort augmente de 7,81% et Londres gagne 5,91%.<\/p>\n<p class=\"article-p mdl\">Principaux secteurs gagnants \u00e0\u00a0<a class=\"link\" href=\"https:\/\/www.rtl.fr\/actu\/international\/droits-de-douane-les-marches-financiers-ont-fait-plier-donald-trump-pour-l-economiste-stephanie-villers-7900492909\" title=\"Droits de douane : &quot;Les march\u00e9s financiers ont fait plier Donald Trump&quot;, pour l&#039;\u00e9conomiste St\u00e9phanie Villers\" target=\"_blank\" rel=\"noopener\">l&rsquo;ouverture des bourses europ\u00e9ennes<\/a>\u00a0: l&rsquo;industrie, l&rsquo;\u00e9nergie ou la tech, qui gagnent en moyenne entre 9 et 10% et m\u00eame jusqu&rsquo;\u00e0 +12,90% pour Saint-Gobain ou 10,88% pour STMicroelectronics. <strong>Les banques sont aussi dans le vert<\/strong>, notamment la\u00a0<a class=\"link\" href=\"https:\/\/www.rtl.fr\/actu\/economie-consommation\/societe-generale-des-clients-victimes-d-un-double-prelevement-7900425181\" title=\"Soci\u00e9t\u00e9 G\u00e9n\u00e9rale : des clients victimes d&#039;un double pr\u00e9l\u00e8vement ?\" target=\"_blank\" rel=\"noopener\">Soci\u00e9t\u00e9 g\u00e9n\u00e9rale<\/a>\u00a0(+10,16%),\u00a0<a class=\"link\" href=\"https:\/\/www.rtl.fr\/actu\/meteo\/climat-bnp-paribas-va-arreter-de-financer-les-grands-serpents-7790483958\" title=\"Climat : BNP Paribas va arr\u00eater de financer les &quot;grands serpents&quot;\" target=\"_blank\" rel=\"noopener\">BNP Paribas<\/a>\u00a0(+9,63%) ou encore le\u00a0<a class=\"link\" href=\"https:\/\/www.rtl.fr\/actu\/economie-consommation\/les-origines-politiques-de-la-creation-du-credit-agricole-7779357559\" title=\"Les origines politiques de la cr\u00e9ation du Cr\u00e9dit agricole\" target=\"_blank\" rel=\"noopener\">Cr\u00e9dit agricole<\/a>\u00a0(+5,84%). Les valeurs automobiles sont aussi gagnantes depuis l&rsquo;ouverture du CAC 40 \u00e0 l&rsquo;instar de Stellantis (+10,50%) ou de Renault (+5,05%).<\/p>\n<p class=\"article-p mdl\">Plus t\u00f4t dans la journ\u00e9e, <strong>les bourses asiatiques finissaient \u00e9galement dans le vert<\/strong> avec un bon de 9,12% pour la place de Tokyo apr\u00e8s\u00a0<a class=\"link\" href=\"https:\/\/www.rtl.fr\/actu\/international\/droit-de-douanes-pourquoi-donald-trump-suspend-ses-surtaxes-reciproques-pendant-90-jours-sauf-avec-la-chine-7900492815\" title=\"Droits de douane : pourquoi Donald Trump suspend ses surtaxes r\u00e9ciproques pendant 90 jours, sauf avec la Chine\" target=\"_blank\" rel=\"noopener\">le revirement de Donald Trump<\/a>. Aux \u00c9tats-Unis, le Dow Jones s&rsquo;est envol\u00e9 de 7,87%, l&rsquo;indice Nasdaq de 12,16% et l&rsquo;indice \u00e9largi S&amp;P 500 de 9,52%. Une volte-face spectaculaire au moment de l&rsquo;annonce du pr\u00e9sident am\u00e9ricain, alors que les valeurs \u00e9taient dans le rouge auparavant.\u00a0L&rsquo;indice Nasdaq a connu sa plus forte hausse en s\u00e9ance depuis 2008.<\/p>\n<p>    La r\u00e9daction vous recommande<\/p>\n<p class=\"s-newsletter__title\">\n                L\u2019actualit\u00e9 par la r\u00e9daction de RTL dans votre bo\u00eete mail.\n            <\/p>\n<p class=\"s-newsletter__subtitle\">\n                Gr\u00e2ce \u00e0 votre compte RTL abonnez-vous \u00e0 la newsletter RTL info pour suivre toute l&rsquo;actualit\u00e9 au quotidien\n            <\/p>\n<p>\n                                    Lire la suite\n                                <\/p>\n","protected":false},"excerpt":{"rendered":"Les march\u00e9s financiers reprennent de la couleur apr\u00e8s l&rsquo;annonce de Donald Trump de suspendre pendant 90 jours l&rsquo;ex\u00e9cution&hellip;\n","protected":false},"author":2,"featured_media":14926,"comment_status":"","ping_status":"","sticky":false,"template":"","format":"standard","meta":{"footnotes":""},"categories":[1888],"tags":[1111,1928,11,1927,898,340,2822,33,1777,674,107,1011,27,12,1926,626,1925,25],"class_list":{"0":"post-14925","1":"post","2":"type-post","3":"status-publish","4":"format-standard","5":"has-post-thumbnail","7":"category-paris","8":"tag-actu","9":"tag-actu-paris","10":"tag-actualites","11":"tag-actualites-paris","12":"tag-alerte","13":"tag-bourse","14":"tag-douanes","15":"tag-economie","16":"tag-eu","17":"tag-europe","18":"tag-fil-info","19":"tag-fr","20":"tag-france","21":"tag-news","22":"tag-news-paris","23":"tag-paris","24":"tag-paris-news","25":"tag-republique-francaise"},"share_on_mastodon":{"url":"https:\/\/pubeurope.com\/@fr\/114313628585263366","error":""},"_links":{"self":[{"href":"https:\/\/www.europesays.com\/fr\/wp-json\/wp\/v2\/posts\/14925","targetHints":{"allow":["GET"]}}],"collection":[{"href":"https:\/\/www.europesays.com\/fr\/wp-json\/wp\/v2\/posts"}],"about":[{"href":"https:\/\/www.europesays.com\/fr\/wp-json\/wp\/v2\/types\/post"}],"author":[{"embeddable":true,"href":"https:\/\/www.europesays.com\/fr\/wp-json\/wp\/v2\/users\/2"}],"replies":[{"embeddable":true,"href":"https:\/\/www.europesays.com\/fr\/wp-json\/wp\/v2\/comments?post=14925"}],"version-history":[{"count":0,"href":"https:\/\/www.europesays.com\/fr\/wp-json\/wp\/v2\/posts\/14925\/revisions"}],"wp:featuredmedia":[{"embeddable":true,"href":"https:\/\/www.europesays.com\/fr\/wp-json\/wp\/v2\/media\/14926"}],"wp:attachment":[{"href":"https:\/\/www.europesays.com\/fr\/wp-json\/wp\/v2\/media?parent=14925"}],"wp:term":[{"taxonomy":"category","embeddable":true,"href":"https:\/\/www.europesays.com\/fr\/wp-json\/wp\/v2\/categories?post=14925"},{"taxonomy":"post_tag","embeddable":true,"href":"https:\/\/www.europesays.com\/fr\/wp-json\/wp\/v2\/tags?post=14925"}],"curies":[{"name":"wp","href":"https:\/\/api.w.org\/{rel}","templated":true}]}}