{"id":149251,"date":"2025-06-03T15:41:13","date_gmt":"2025-06-03T15:41:13","guid":{"rendered":"https:\/\/www.europesays.com\/fr\/149251\/"},"modified":"2025-06-03T15:41:13","modified_gmt":"2025-06-03T15:41:13","slug":"cyclisme-route-julian-alaphilippe-va-zapper-le-dauphine-le-tour-de-suisse-avant-le-tour","status":"publish","type":"post","link":"https:\/\/www.europesays.com\/fr\/149251\/","title":{"rendered":"Cyclisme. Route &#8211; Julian Alaphilippe va zapper le Dauphin\u00e9&#8230; le Tour de Suisse avant le Tour"},"content":{"rendered":"<p>Priv\u00e9 de <strong>Tour de France<\/strong>\u00a0chez <strong>Soudal Quick-Step<\/strong> l&rsquo;an pass\u00e9,\u00a0<strong><a href=\"https:\/\/www.cyclismactu.net\/..\/news-liege-bastogne-liege-route-julian-alaphilippe-j-ai-toujours-tout-donne-87565.html\" target=\"_blank\" rel=\"nofollow noopener\">Julian Alaphilippe<\/a><\/strong> va retrouver la Grande Boucle du 5 au 27\u00a0juillet prochain sous les couleurs de la <strong>Tudor Pro Cycling Team<\/strong>. A d\u00e9sormais un mois de ses retrouvailles avec la plus grande course au monde, et apr\u00e8s un d\u00e9but de saison assez quelconque, le Fran\u00e7ais peaufine sa pr\u00e9paration en toute discr\u00e9tion, lui qui n&rsquo;a plus couru depuis\u00a0<strong>Eschborn-Francfort<\/strong> d\u00e9but mai et\u00a0r\u00e9alise un\u00a0stage d&rsquo;altitude en Sierra Nevada (Espagne) depuis. Mais si le retour \u00e0 la comp\u00e9tition du\u00a0double champion du monde s&rsquo;est pr\u00e9cis\u00e9 ces derni\u00e8res heures, il ne passera pas par la traditionnelle case du\u00a0<strong><a href=\"https:\/\/www.cyclismactu.net\/..\/news-cyclisme-route-criterium-du-dauphine-parcours-et-profils-criterium-du-dauphine-2025-88190.html\" target=\"_blank\" rel=\"nofollow noopener\">Crit\u00e9rium du Dauphin\u00e9<\/a><\/strong>,\u00a0qui d\u00e9bute ce dimanche 8 juin&#8230; mais par le <strong><a href=\"https:\/\/www.cyclismactu.net\/..\/news-tour-de-suisse-route-parcours-profils-tour-de-suisse-2025-88e-edition-87136.html\" target=\"_blank\" rel=\"nofollow noopener\">Tour de Suisse<\/a><\/strong>\u00a0(15-22 juin) ! <\/p>\n<p>Vid\u00e9o &#8211; Julian Alaphilippe sur Paris-Nice&#8230; mais pas au Dauphin\u00e9 Lire la suite de l&rsquo;article&#13;<\/p>\n<p>\u00a0<\/p>\n<p>&#13;<br \/>\nTour de Suisse et Championnats de France avant le Tour de France ?&#13;<\/p>\n<p>Avec sept participations au compteur contre une seulement \u00e0 l&rsquo;\u00e9preuve helv\u00e8te (en 2021, avec un abandon sur la derni\u00e8re \u00e9tape), <strong>Alaphilippe<\/strong> a souvent privil\u00e9gi\u00e9\u00a0dans sa carri\u00e8re l&rsquo;\u00e9preuve fran\u00e7aise pour aborder le mois de juillet, mais il va donc faire dans la nouveaut\u00e9 en 2025. Sa pr\u00e9sence au sein d&rsquo;une formation suisse a peut-\u00eatre jou\u00e9 un r\u00f4le dans cette d\u00e9cision de l&rsquo;aligner de l&rsquo;autre c\u00f4t\u00e9 des Alpes, tout comme la possibilit\u00e9 de d&rsquo;encha\u00eener avec les\u00a0<strong>Championnats de France<\/strong>, la course en ligne ayant lieu le 29 juin aux Herbiers, soit une semaine apr\u00e8s la fin du <strong>Tour de Suisse<\/strong>.<\/p>\n","protected":false},"excerpt":{"rendered":"Priv\u00e9 de Tour de France\u00a0chez Soudal Quick-Step l&rsquo;an pass\u00e9,\u00a0Julian Alaphilippe va retrouver la Grande Boucle du 5 au&hellip;\n","protected":false},"author":2,"featured_media":149252,"comment_status":"","ping_status":"","sticky":false,"template":"","format":"standard","meta":{"footnotes":""},"categories":[1411],"tags":[1154,207,211,1011,27,209,60,210,212,208,213],"class_list":{"0":"post-149251","1":"post","2":"type-post","3":"status-publish","4":"format-standard","5":"has-post-thumbnail","7":"category-cyclisme","8":"tag-cycling","9":"tag-cyclisme","10":"tag-ffc","11":"tag-fr","12":"tag-france","13":"tag-route","14":"tag-sports","15":"tag-tour-de-france","16":"tag-uci","17":"tag-velo","18":"tag-world-tour"},"share_on_mastodon":{"url":"https:\/\/pubeurope.com\/@fr\/114620195465146067","error":""},"_links":{"self":[{"href":"https:\/\/www.europesays.com\/fr\/wp-json\/wp\/v2\/posts\/149251","targetHints":{"allow":["GET"]}}],"collection":[{"href":"https:\/\/www.europesays.com\/fr\/wp-json\/wp\/v2\/posts"}],"about":[{"href":"https:\/\/www.europesays.com\/fr\/wp-json\/wp\/v2\/types\/post"}],"author":[{"embeddable":true,"href":"https:\/\/www.europesays.com\/fr\/wp-json\/wp\/v2\/users\/2"}],"replies":[{"embeddable":true,"href":"https:\/\/www.europesays.com\/fr\/wp-json\/wp\/v2\/comments?post=149251"}],"version-history":[{"count":0,"href":"https:\/\/www.europesays.com\/fr\/wp-json\/wp\/v2\/posts\/149251\/revisions"}],"wp:featuredmedia":[{"embeddable":true,"href":"https:\/\/www.europesays.com\/fr\/wp-json\/wp\/v2\/media\/149252"}],"wp:attachment":[{"href":"https:\/\/www.europesays.com\/fr\/wp-json\/wp\/v2\/media?parent=149251"}],"wp:term":[{"taxonomy":"category","embeddable":true,"href":"https:\/\/www.europesays.com\/fr\/wp-json\/wp\/v2\/categories?post=149251"},{"taxonomy":"post_tag","embeddable":true,"href":"https:\/\/www.europesays.com\/fr\/wp-json\/wp\/v2\/tags?post=149251"}],"curies":[{"name":"wp","href":"https:\/\/api.w.org\/{rel}","templated":true}]}}