{"id":14927,"date":"2025-04-10T12:18:24","date_gmt":"2025-04-10T12:18:24","guid":{"rendered":"https:\/\/www.europesays.com\/fr\/14927\/"},"modified":"2025-04-10T12:18:24","modified_gmt":"2025-04-10T12:18:24","slug":"william-a-paris-cette-demande-faite-par-le-prince-de-galles-pour-sa-venue-au-parc-des-princes-avec-son-fils-george","status":"publish","type":"post","link":"https:\/\/www.europesays.com\/fr\/14927\/","title":{"rendered":"William \u00e0 Paris : cette demande faite par le prince de Galles pour sa venue au Parc des princes avec son fils George"},"content":{"rendered":"<p>Pr\u00e9sent \u00e0 Paris avec son fils George pour assister au quart de finale aller de Ligue des champions opposant le PSG \u00e0 Aston Villa, le prince William avait pos\u00e9 une question afin de s&rsquo;assurer plus de discr\u00e9tion. Mais difficile de contenir ses \u00e9motions face aux rebondissements du match.<\/p>\n<p><strong>Un grand soir.<\/strong> Ce mercredi 9 avril 2025, le Parc des Princes accueillait le quart de finale aller de la Ligue des champions opposant le Paris Saint-Germain \u00e0 Aston Villa. Une rencontre \u00e0 laquelle William, le prince de Galles, tenait particuli\u00e8rement \u00e0 assister <a href=\"https:\/\/www.voici.fr\/news-people\/prince-william-il-est-possible-de-croiser-le-mari-de-kate-middleton-a-paris-aujourd-hui-802162\" target=\"_blank\" rel=\"noopener\">en compagnie de son fils a\u00een\u00e9, le prince George, \u00e2g\u00e9 de 11 ans<\/a>. Car depuis sa jeunesse, William affiche ouvertement son amour pour les Villans, qu&rsquo;il a choisis pr\u00e9cis\u00e9ment <strong>en raison de leur statut particulier dans le football anglais<\/strong>. Loin des grands favoris de Premier League que supportaient ses amis d&rsquo;\u00e9cole, Manchester United ou Chelsea, le futur roi d&rsquo;Angleterre s&rsquo;\u00e9tait orient\u00e9 vers Aston Villa, s\u00e9duit par son identit\u00e9 d&rsquo;outsider capable de lui offrir \u00ab\u00a0des \u00e9motions bonnes ou mauvaises\u00a0\u00bb, comme il l&rsquo;avait confi\u00e9 en interview \u00e0 la BBC. <strong>Une passion qu&rsquo;il partage d\u00e9sormais avec son fils George.<\/strong><\/p>\n<p><strong>La demande faite \u00e0 William pour sa venue au Parc des princes <\/strong><\/p>\n<p>Le prince William voulait que ce moment entre p\u00e8re et fils soit parfait et pour ce faire, ses proches ont r\u00e9v\u00e9l\u00e9 dans la presse britannique que le mari de Kate Middleton a fait une demande en amont de sa venue : <strong>celle de ne pas \u00eatre plac\u00e9 au premier rang de la tribune pr\u00e9sidentielle, afin de moins attirer les regards<\/strong>. Mais autant dire que son calme relatif des d\u00e9buts n&rsquo;a pas dur\u00e9 bien longtemps. William, accompagn\u00e9 de son fils et de son fid\u00e8le ami Thomas van Straubenzee, <a href=\"https:\/\/photo.voici.fr\/les-plus-belles-photos-de-la-princesse-charlotte-60644\" target=\"_blank\" rel=\"noopener\">parrain de la princesse Charlotte,<\/a> a vibr\u00e9 tout au long du match. \u00c0 la 35e minute, lorsque Morgan Rogers a ouvert le score pour Aston Villa, <strong>le prince n&rsquo;a pu retenir sa joie, poing lev\u00e9 et sourire \u00e9clatan<\/strong>t. \u00ab\u00a0Come on Marcus !\u00a0\u00bb, l&rsquo;a-t-on m\u00eame entendu encourager Marcus Rashford, star de l&rsquo;attaque anglaise, selon <a href=\"https:\/\/www.lequipe.fr\/Football\/Actualites\/Le-prince-william-dans-le-tunnel-du-parc-des-princes-pour-saluer-les-joueurs-d-aston-villa-avant-leur-match-de-ligue-des-champions-contre-le-psg\/1553028\" target=\"_blank\" rel=\"noopener\">L&rsquo;\u00c9quipe<\/a>. \u00c0 ses c\u00f4t\u00e9s, George partageait tout aussi intens\u00e9ment cette euphorie passag\u00e8re.<\/p>\n<p>Mais la suite de la rencontre aura \u00e9t\u00e9 moins r\u00e9jouissante pour le clan britannique. Cinq petites minutes apr\u00e8s cette ouverture du score, le PSG remettait imm\u00e9diatement les compteurs \u00e0 z\u00e9ro, <strong>avant de d\u00e9finitivement renverser la situation pour l&#8217;emporter 3 buts \u00e0 1<\/strong>. Le p\u00e8re et le fils se sont alors progressivement referm\u00e9s, observant avec une d\u00e9ception palpable la domination parisienne. \u00c0 la fin du match, William, fid\u00e8le \u00e0 son image, a cependant fait preuve d&rsquo;un fair-play exemplaire en applaudissant chaleureusement les acteurs du match.<\/p>\n<p><strong>William explique pourquoi il voulait absolument venir avec son fils George<\/strong><\/p>\n<p><strong>La venue du prince William constituait en elle-m\u00eame un \u00e9v\u00e9nement<\/strong>. Avant que les joueurs ne foulent la pelouse du Parc, il avait \u00e9t\u00e9 exceptionnellement autoris\u00e9 \u00e0 se rendre dans les coulisses afin de saluer personnellement les joueurs d&rsquo;Aston Villa apr\u00e8s leur \u00e9chauffement. Un geste symbolique fort, signe que l&rsquo;attachement du prince au club de Birmingham va bien au-del\u00e0 d&rsquo;un simple hobby princier. Pour William, la soir\u00e9e \u00e9tait aussi <strong>l&rsquo;occasion de transmettre \u00e0 son fils une tradition ch\u00e8re \u00e0 son c\u0153ur<\/strong>. \u00ab\u00a0Cela fait 43 ans que rien de tel n\u2019est arriv\u00e9 dans ma g\u00e9n\u00e9ration de supporters de Villa, et je voulais que George vive une soir\u00e9e loin de chez lui dans une grande comp\u00e9tition europ\u00e9enne\u00a0\u00bb, expliquait-il avant le match, selon <a href=\"https:\/\/www.parismatch.com\/Royal-Blog\/en-images-le-prince-william-et-george-supporters-dechaines-au-parc-des-princes-249934#16\" target=\"_blank\" rel=\"noopener\">Paris Match<\/a>. Un souvenir marquant que le prince esp\u00e8re sans doute voir se r\u00e9p\u00e9ter plus t\u00f4t que dans quatre d\u00e9cennies.<\/p>\n<p>                                    <strong>Un parterre \u00e9clectique de VIP dans les gradins<\/strong><\/p>\n<p>Le prince William et son fils George n&rsquo;\u00e9taient pas les seuls invit\u00e9s de prestige pour ce quart de finale de Ligue des champions. Parmi les personnalit\u00e9s pr\u00e9sentes figuraient notamment <a href=\"https:\/\/www.voici.fr\/news-people\/dupee-adriana-lima-apporte-sans-le-vouloir-son-soutien-a-un-groupe-terroriste-568235\" target=\"_blank\" rel=\"noopener\">la mannequin br\u00e9silienne Adriana Lima<\/a>, l&rsquo;acteur am\u00e9ricain Jaden Smith ou encore DJ Snake. Des visages familiers des passionn\u00e9s du Parc des Princes tels Malik Bentalha ou les anciens joueurs du PSG Javier Pastore, Ezequiel Lavezzi, Ludovic Giuly ou encore Ra\u00ed \u00e9taient \u00e9galement de la partie. <a href=\"https:\/\/www.voici.fr\/news-people\/didier-deschamps-en-froid-avec-ce-celebre-champion-du-monde-741636\" target=\"_blank\" rel=\"noopener\">Didier Deschamps, s\u00e9lectionneur des Bleus<\/a>, avait \u00e9galement pris place en tribunes, tout comme Thomas Tuchel, ancien entra\u00eeneur parisien et actuel s\u00e9lectionneur de l&rsquo;Angleterre.<\/p>\n<p>C\u00f4t\u00e9 s\u00e9curit\u00e9, malgr\u00e9 une alerte apr\u00e8s une bagarre la veille impliquant des supporters d&rsquo;Aston Villa et des membres de la Jeunesse Boulogne dans le quartier de Pigalle, <strong>aucun incident notable n&rsquo;a \u00e9t\u00e9 relev\u00e9 \u00e0 la sortie du stade<\/strong>. Une soir\u00e9e finalement calme aux abords du Parc des Princes, mais bouillante d&rsquo;\u00e9motions pour le prince William et son fils George.<\/p>\n","protected":false},"excerpt":{"rendered":"Pr\u00e9sent \u00e0 Paris avec son fils George pour assister au quart de finale aller de Ligue des champions&hellip;\n","protected":false},"author":2,"featured_media":14928,"comment_status":"","ping_status":"","sticky":false,"template":"","format":"standard","meta":{"footnotes":""},"categories":[1888],"tags":[1111,1928,11,1927,1777,674,5860,6348,63,1011,27,5859,5861,12,1926,626,1925,93,25,5857],"class_list":{"0":"post-14927","1":"post","2":"type-post","3":"status-publish","4":"format-standard","5":"has-post-thumbnail","7":"category-paris","8":"tag-actu","9":"tag-actu-paris","10":"tag-actualites","11":"tag-actualites-paris","12":"tag-eu","13":"tag-europe","14":"tag-famille-royale-dangleterre","15":"tag-flux","16":"tag-football","17":"tag-fr","18":"tag-france","19":"tag-george-dangleterre","20":"tag-gotha","21":"tag-news","22":"tag-news-paris","23":"tag-paris","24":"tag-paris-news","25":"tag-psg","26":"tag-republique-francaise","27":"tag-william-dangleterre"},"share_on_mastodon":{"url":"https:\/\/pubeurope.com\/@fr\/114313632336616188","error":""},"_links":{"self":[{"href":"https:\/\/www.europesays.com\/fr\/wp-json\/wp\/v2\/posts\/14927","targetHints":{"allow":["GET"]}}],"collection":[{"href":"https:\/\/www.europesays.com\/fr\/wp-json\/wp\/v2\/posts"}],"about":[{"href":"https:\/\/www.europesays.com\/fr\/wp-json\/wp\/v2\/types\/post"}],"author":[{"embeddable":true,"href":"https:\/\/www.europesays.com\/fr\/wp-json\/wp\/v2\/users\/2"}],"replies":[{"embeddable":true,"href":"https:\/\/www.europesays.com\/fr\/wp-json\/wp\/v2\/comments?post=14927"}],"version-history":[{"count":0,"href":"https:\/\/www.europesays.com\/fr\/wp-json\/wp\/v2\/posts\/14927\/revisions"}],"wp:featuredmedia":[{"embeddable":true,"href":"https:\/\/www.europesays.com\/fr\/wp-json\/wp\/v2\/media\/14928"}],"wp:attachment":[{"href":"https:\/\/www.europesays.com\/fr\/wp-json\/wp\/v2\/media?parent=14927"}],"wp:term":[{"taxonomy":"category","embeddable":true,"href":"https:\/\/www.europesays.com\/fr\/wp-json\/wp\/v2\/categories?post=14927"},{"taxonomy":"post_tag","embeddable":true,"href":"https:\/\/www.europesays.com\/fr\/wp-json\/wp\/v2\/tags?post=14927"}],"curies":[{"name":"wp","href":"https:\/\/api.w.org\/{rel}","templated":true}]}}