{"id":149279,"date":"2025-06-03T15:55:08","date_gmt":"2025-06-03T15:55:08","guid":{"rendered":"https:\/\/www.europesays.com\/fr\/149279\/"},"modified":"2025-06-03T15:55:08","modified_gmt":"2025-06-03T15:55:08","slug":"apres-lattaque-terroriste-dans-le-var-bruno-retailleau-sous-pression-liberation","status":"publish","type":"post","link":"https:\/\/www.europesays.com\/fr\/149279\/","title":{"rendered":"Apr\u00e8s l\u2019attaque terroriste dans le Var, Bruno Retailleau sous pression \u2013 Lib\u00e9ration"},"content":{"rendered":"<p class=\"sc-ksZaOG ehjQrN text-element\">La fl\u00e8che vient d\u2019un d\u00e9put\u00e9 trait\u00e9 de \u00absale n\u00e9gro\u00bb en 2020. Alors candidat \u00e0 la mairie de Br\u00e9tigny-sur-Orge (Essonne), <a href=\"https:\/\/www.liberation.fr\/france\/2020\/11\/22\/racisme-des-elus-avec-une-tronche-comme-moi-on-est-des-resilients_1806162\/\" target=\"_blank\" rel=\"noopener\">Steevy Gustave avait retrouv\u00e9 cette inscription raciste<\/a> sur les murs de sa maison. A l\u2019Assembl\u00e9e mardi 3 juin, l\u2019\u00e9lu \u00e9cologiste a r\u00e9agi au meurtre d\u2019un Tunisien dans le Var ce week-end, et d\u00e9nonc\u00e9 un \u00abattentat raciste revendiqu\u00e9 sur les r\u00e9seaux sociaux\u00bb. Avant d\u2019adresser un crochet \u00e0 Bruno Retailleau : \u00abJusqu\u2019\u00e0 quand ferez-vous de la peur un projet politique ?\u00bb<\/p>\n<p class=\"sc-ksZaOG ehjQrN text-element\">Quarante-huit heures <a href=\"https:\/\/www.liberation.fr\/societe\/police-justice\/parquet-antiterroriste-saisi-videos-racistes-du-suspect-ce-que-lon-sait-du-meurtre-dun-tunisien-dans-le-var-20250602_NCT5YYNYS5AILNUGNEOMUBEZG4\/\" target=\"_blank\" rel=\"noopener\">apr\u00e8s le meurtre d\u2019Hichem Miraoui<\/a>, la gauche marque le ministre de l\u2019Int\u00e9rieur \u00e0 la culotte, l\u2019accusant d\u2019entretenir un \u00abracisme d\u2019atmosph\u00e8re\u00bb, selon Olivier Faure. Sur TF1 ce mardi, le premier secr\u00e9taire du Parti socialiste lui a reproch\u00e9 d\u2019alimenter une \u00abbanalisation du racisme\u00bb. Pris en grippe par la gauche depuis sa nomination \u00e0 Beauvau, Retailleau a pourtant d\u00e9gain\u00e9 fissa lundi, en citant sur X <a href=\"https:\/\/www.liberation.fr\/societe\/votez-bien-la-prochaine-fois-le-manifeste-raciste-de-christophe-b-suspect-de-lattaque-terroriste-de-puget-sur-argens-20250603_JX&lt;\/p&gt;&lt;\/div&gt;&lt;\/article&gt;&lt;\/div&gt;&lt;div data-fusion-lazy-id=\" f0f8vgvlad832fw=\"\" target=\"_blank\" rel=\"noopener\"><\/p>\n","protected":false},"excerpt":{"rendered":"La fl\u00e8che vient d\u2019un d\u00e9put\u00e9 trait\u00e9 de \u00absale n\u00e9gro\u00bb en 2020. Alors candidat \u00e0 la mairie de Br\u00e9tigny-sur-Orge&hellip;\n","protected":false},"author":2,"featured_media":149280,"comment_status":"","ping_status":"","sticky":false,"template":"","format":"standard","meta":{"footnotes":""},"categories":[4],"tags":[11,1013,1011,27,3228,12,25],"class_list":{"0":"post-149279","1":"post","2":"type-post","3":"status-publish","4":"format-standard","5":"has-post-thumbnail","7":"category-france","8":"tag-actualites","9":"tag-bruno-retailleau","10":"tag-fr","11":"tag-france","12":"tag-lr","13":"tag-news","14":"tag-republique-francaise"},"share_on_mastodon":{"url":"https:\/\/pubeurope.com\/@fr\/114620250386838365","error":""},"_links":{"self":[{"href":"https:\/\/www.europesays.com\/fr\/wp-json\/wp\/v2\/posts\/149279","targetHints":{"allow":["GET"]}}],"collection":[{"href":"https:\/\/www.europesays.com\/fr\/wp-json\/wp\/v2\/posts"}],"about":[{"href":"https:\/\/www.europesays.com\/fr\/wp-json\/wp\/v2\/types\/post"}],"author":[{"embeddable":true,"href":"https:\/\/www.europesays.com\/fr\/wp-json\/wp\/v2\/users\/2"}],"replies":[{"embeddable":true,"href":"https:\/\/www.europesays.com\/fr\/wp-json\/wp\/v2\/comments?post=149279"}],"version-history":[{"count":0,"href":"https:\/\/www.europesays.com\/fr\/wp-json\/wp\/v2\/posts\/149279\/revisions"}],"wp:featuredmedia":[{"embeddable":true,"href":"https:\/\/www.europesays.com\/fr\/wp-json\/wp\/v2\/media\/149280"}],"wp:attachment":[{"href":"https:\/\/www.europesays.com\/fr\/wp-json\/wp\/v2\/media?parent=149279"}],"wp:term":[{"taxonomy":"category","embeddable":true,"href":"https:\/\/www.europesays.com\/fr\/wp-json\/wp\/v2\/categories?post=149279"},{"taxonomy":"post_tag","embeddable":true,"href":"https:\/\/www.europesays.com\/fr\/wp-json\/wp\/v2\/tags?post=149279"}],"curies":[{"name":"wp","href":"https:\/\/api.w.org\/{rel}","templated":true}]}}