{"id":149302,"date":"2025-06-03T16:07:16","date_gmt":"2025-06-03T16:07:16","guid":{"rendered":"https:\/\/www.europesays.com\/fr\/149302\/"},"modified":"2025-06-03T16:07:16","modified_gmt":"2025-06-03T16:07:16","slug":"entreprises-cogem-rejoint-in-extenso-luga-signe-un-partenariat-a-lautre-bout-du-monde-leur-actu-en-bref","status":"publish","type":"post","link":"https:\/\/www.europesays.com\/fr\/149302\/","title":{"rendered":"Entreprises. Cogem rejoint In Extenso, l&rsquo;UGA signe un partenariat \u00e0 l&rsquo;autre bout du monde&#8230; leur actu en bref"},"content":{"rendered":"<p>  &#13;<br \/>\n      <a href=\"https:\/\/cdn-s-www.ledauphine.com\/images\/58e66003-1073-478c-a166-8cd3da3ee4dd\/NW_raw\/title-1748965154.jpg\" title=\"-\" class=\"chocolat-image GA-tracking\" data-ga_type=\"click\" data-ga_category=\"D\u00e9tail\" data-ga_action=\"zoomer\" data-ga_label=\"agrandir image\" target=\"_blank\" rel=\"noopener\">&#13;<br \/>\n          <img loading=\"lazy\" decoding=\"async\" src=\"https:\/\/www.europesays.com\/fr\/wp-content\/uploads\/2025\/06\/title-1748965154.jpg\" data-mobile=\"NW_listC_M|1748965154\" data-base=\"NW_listC|1748965154\" alt=\"-\"\/>&#13;<br \/>\n      <\/a>&#13;<br \/>\n              -&#13;<\/p>\n<p>  R\u00e9gion \/ Is\u00e8re\u00a0:\u00a0le cabinet Cogem rejoint\u00a0In Extenso<\/p>\n<p>Le cabinet d\u2019expertise comptable Cogem, implant\u00e9 dans la r\u00e9gion lyonnaise, a rejoint le groupe In Extenso. Cette int\u00e9gration marque une nouvelle \u00e9tape dans le d\u00e9veloppement d\u2019In Extenso Auvergne Rh\u00f4ne Alpes, consolidant son maillage territorial dans le sud du Rh\u00f4ne et le nord de l\u2019Is\u00e8re et renforce sa proximit\u00e9 avec les entreprises locales.<\/p>\n<p class=\"paragraph\">Cette int\u00e9gration fait suite au rattachement, en janvier 2025, d\u2019une agence Cogem de\u00a0cinq collaborateurs bas\u00e9e \u00e0 Aix-les-Bains, venue renforcer la dynamique d\u2019In Extenso Dauphin\u00e9 Savoie.\u00a0<\/p>\n<p class=\"paragraph\">\u00ab Entre\u00a0Cogem\u00a0et In Extenso, c\u2019est une histoire de rencontre, de partage d\u2019objectifs et d\u2019une vision commune de l\u2019\u00e9volution de notre m\u00e9tier. Ce rapprochement repose sur des valeurs fortes que nous avons en commun : la proximit\u00e9 avec nos clients, l\u2019ancrage territorial, et la volont\u00e9 d\u2019innover pour mieux accompagner les entreprises \u00bb, partage Jacques Bourbon, pr\u00e9sident d\u2019In Extenso Auvergne-Rh\u00f4ne-Alpes. <\/p>\n<p>  Savoie\u00a0:\u00a0la CCI organise un salon de la sous-traitance ce jeudi 5 juin<\/p>\n<p>La quatri\u00e8me \u00e9dition de Connexion, le salon de la sous-traitance industrielle en Savoie se d\u00e9roulera le 5 juin \u00e0 partir de 8 h 30 \u00e0 l\u2019a\u00e9roport de Chamb\u00e9ry Savoie Mont-Blanc. C\u2019est la chambre de commerce et d\u2019industrie qui est \u00e0 l\u2019origine de ce rendez-vous qui regroupera des activit\u00e9s aussi vari\u00e9es que la chaudronnerie, l\u2019usinage, le traitement thermique et de surface, l\u2019automatisme, le packaging, le c\u00e2blage \u00e9lectrique, le traitement de l\u2019air, bureaux d\u2019\u00e9tudes, ing\u00e9nierie, la maintenance industrielle, l\u2019impression 3D, le contr\u00f4le et inspection, l\u2019accompagnement technique\u2026 Les inscriptions sont \u00e0 effectuer via le site web de la CCI : <a title=\"www.savoie.cci.fr\" href=\"https:\/\/www.savoie.cci.fr\/\" target=\"_blank\" rel=\"noopener\">https:\/\/www.savoie.cci.fr\/<\/a><\/p>\n<p>  &#13;<br \/>\n      <a href=\"https:\/\/cdn-s-www.ledauphine.com\/images\/6b214004-6d2a-452a-b897-cc5f34ba868c\/NW_raw\/photo-universite-grenoble-alpes-1748954267.jpg\" title=\"Photo\u00a0Universit\u00e9 Grenoble Alpes\" class=\"chocolat-image GA-tracking\" data-ga_type=\"click\" data-ga_category=\"D\u00e9tail\" data-ga_action=\"zoomer\" data-ga_label=\"agrandir image\" target=\"_blank\" rel=\"noopener\">&#13;<br \/>\n          <img loading=\"lazy\" decoding=\"async\" src=\"https:\/\/www.europesays.com\/fr\/wp-content\/uploads\/2025\/06\/photo-universite-grenoble-alpes-1748954267.jpg\" data-mobile=\"NW_listC_M|1748954267\" data-base=\"NW_listC|1748954267\" alt=\"Photo\u00a0Universit\u00e9 Grenoble Alpes\"\/>&#13;<br \/>\n      <\/a>&#13;<\/p>\n<p>Photo\u00a0Universit\u00e9 Grenoble Alpes<\/p>\n<p>&#13;<\/p>\n<p>  Is\u00e8re\u00a0: un partenariat avec le Singapour sign\u00e9 par\u00a0l&rsquo;Universit\u00e9 Grenoble Alpes<\/p>\n<p>Un protocole d&rsquo;accord historique de cr\u00e9ation d\u2019un centre de recherche et d\u2019innovation industrielle-acad\u00e9mique dans le domaine de l\u2019\u00e9nergie a \u00e9t\u00e9 sign\u00e9 par l&rsquo;Universit\u00e9 Grenoble Alpes (UGA), l&rsquo;Universit\u00e9 technologique de Nanyang \u00e0 Singapour (NTU Singapour), EDF Lab Singapour, RTE international et Think Smartgrids, lors de la visite officielle d&rsquo;\u00c9tat du pr\u00e9sident fran\u00e7ais Emmanuel Macron \u00e0 Singapour.<\/p>\n<p>Un\u00a0accord qui a notamment pour but\u00a0de\u00a0jeter les bases d&rsquo;un cadre industriel-universitaire franco-singapourien ambitieux pour favoriser la recherche conjointe, l&rsquo;innovation et l&rsquo;\u00e9change de connaissances autour notamment des \u00e9nergies renouvelables et d\u00e9carbon\u00e9es.<\/p>\n<p>\u00ab Ce partenariat strat\u00e9gique acad\u00e9mique-industriel en mati\u00e8re de recherche et d&rsquo;innovation repr\u00e9sente une \u00e9tape importante dans la collaboration entre la France et Singapour. S&rsquo;appuyant sur le partenariat de longue date entre l&rsquo;Universit\u00e9 Grenoble Alpes et l&rsquo;Universit\u00e9 technologique de Nanyang, et sur l&rsquo;engagement durable de l&rsquo;UGA en faveur de la coop\u00e9ration acad\u00e9mique-industrielle, cette initiative renforce l&rsquo;engagement de l&rsquo;UGA et de la France en Asie du Sud-Est \u00bb, se f\u00e9licite\u00a0Yassine Lakhnech, Pr\u00e9sident de l&rsquo;Universit\u00e9 Grenoble Alpes.<\/p>\n<p>  &#13;<br \/>\n      <a href=\"https:\/\/cdn-s-www.ledauphine.com\/images\/f27a344b-02ee-4af3-b7fd-f0e8a14106df\/NW_raw\/photo-le-dl-stephane-pillaud-1739128833.jpg\" title=\"Photo Le DL\/St\u00e9phane Pillaud\" class=\"chocolat-image GA-tracking\" data-ga_type=\"click\" data-ga_category=\"D\u00e9tail\" data-ga_action=\"zoomer\" data-ga_label=\"agrandir image\" target=\"_blank\" rel=\"noopener\">&#13;<br \/>\n          <img loading=\"lazy\" decoding=\"async\" src=\"https:\/\/www.europesays.com\/fr\/wp-content\/uploads\/2025\/06\/photo-le-dl-stephane-pillaud-1739128833.jpg\" data-mobile=\"NW_listC_M|1739128833\" data-base=\"NW_listC|1739128833\" alt=\"Photo Le DL\/St\u00e9phane Pillaud\"\/>&#13;<br \/>\n      <\/a>&#13;<\/p>\n<p>Photo Le DL\/St\u00e9phane Pillaud<\/p>\n<p>&#13;<\/p>\n<p>  Is\u00e8re :\u00a0Mantle8 rejoint Hydrogen Europe<\/p>\n<p>Mantle8, <a href=\"https:\/\/www.ledauphine.com\/economie\/2025\/02\/07\/cette-discrete-entreprise-iseroise-a-seduit-le-fonds-du-milliardaire-bill-gates\" target=\"_blank\" rel=\"noopener\">entreprise is\u00e9roise sp\u00e9cialis\u00e9e dans l\u2019exploration de l\u2019hydrog\u00e8ne naturel<\/a>, annonce rejoindre Hydrogen Europe, association industrielle repr\u00e9sentant l\u2019ensemble de la cha\u00eene de valeur de l\u2019hydrog\u00e8ne \u00e0 l\u2019\u00e9chelle du continent.\u00a0 \u201cCette adh\u00e9sion marque une \u00e9tape strat\u00e9gique dans la mission de Mantle8 : faire de l\u2019hydrog\u00e8ne naturel un pilier climatiquement neutre et \u00e0 faible co\u00fbt du mix \u00e9nerg\u00e9tique europ\u00e9en \u00e0 long terme\u201d, not\u00e9, dans un communiqu\u00e9, l\u2019entreprise is\u00e9roise. Qui associe cette adh\u00e9sion \u00e0 \u00ab\u00a0l\u2019int\u00e9r\u00eat croissant pour l\u2019hydrog\u00e8ne naturel en tant que ressource domestique continue, \u00e0 faibles \u00e9missions \u2013 avec un potentiel important pour soutenir une soci\u00e9t\u00e9 z\u00e9ro \u00e9mission.\u00a0\u00bb<\/p>\n<p>\u00ab Rejoindre Hydrogen Europe nous donne une voix dans les discussions qui fa\u00e7onnent les politiques, les investissements et l\u2019innovation autour de l\u2019hydrog\u00e8ne \u2013 et garantit que l\u2019hydrog\u00e8ne naturel ait sa place \u00e0 la table \u00bb, commente, cit\u00e9 dans un communiqu\u00e9, Emmanuel Masini, fondateur et PDG de Mantle8.<\/p>\n<p>  &#13;<br \/>\n      <a href=\"https:\/\/cdn-s-www.ledauphine.com\/images\/37c80707-5d9e-4ebc-8044-48fe2cabe808\/NW_raw\/photo-archives-le-dl-1683234362.jpg\" title=\"Photo Archives Le DL\" class=\"chocolat-image GA-tracking\" data-ga_type=\"click\" data-ga_category=\"D\u00e9tail\" data-ga_action=\"zoomer\" data-ga_label=\"agrandir image\" target=\"_blank\" rel=\"noopener\">&#13;<br \/>\n          <img loading=\"lazy\" decoding=\"async\" src=\"https:\/\/www.europesays.com\/fr\/wp-content\/uploads\/2025\/06\/photo-archives-le-dl-1683234362.jpg\" data-mobile=\"NW_listC_M|1683234362\" data-base=\"NW_listC|1683234362\" alt=\"Photo Archives Le DL\"\/>&#13;<br \/>\n      <\/a>&#13;<\/p>\n<p>Photo Archives Le DL<\/p>\n<p>&#13;<\/p>\n<p>  Rh\u00f4ne\u00a0:\u00a0le salon France Air Expo 2025 va ouvrir ses portes \u00e0 Lyon-Bron<\/p>\n<p class=\"chapo\">France Air Expo, le seul salon d\u2019aviation g\u00e9n\u00e9rale en France, ouvrira ses portes les 5, 6, 7\u00a0juin 2025 \u00e0 l\u2019a\u00e9roport de Lyon-Bron, pour sa 18e \u00e9dition.<\/p>\n<p class=\"chapo\">Lors de cet \u00e9v\u00e8nement, les visiteurs pourront rencontrer les principaux acteurs de l\u2019industrie, mais aussi des pilotes, propri\u00e9taires, professionnels, \u00e9tudiants et passionn\u00e9s d\u2019aviation.<\/p>\n<p>Plusieurs conf\u00e9rences sont pr\u00e9vues, portant par exemple sur les perspectives et emploi de la fili\u00e8re a\u00e9rospatiale, les innovations technologiques dans l\u2019aviation g\u00e9n\u00e9rale ou encore la disparition programm\u00e9e de l\u2019essence d\u2019aviation. En effet, le plomb contenu dans l\u2019essence aviation traditionnelle a \u00e9t\u00e9 banni par les autorit\u00e9s europ\u00e9ennes et am\u00e9ricaines \u00e0 compter de 2031 pour les USA et 2032 pour l\u2019Europe, ce qui impose aux acteurs du secteur de se pencher sur les alternatives disponibles.<\/p>\n<p>Le salon met aussi l\u2019accent sur la formation des jeunes, avec un village consacr\u00e9 aux diff\u00e9rents m\u00e9tiers dans l\u2019a\u00e9ronautique et \u00e0 la formation.<\/p>\n<p>Plus de 10\u00a0000 visiteurs sont attendus au cours de ces trois jours, pour 175 exposants et marques repr\u00e9sent\u00e9es. Enfin, plus de 60 a\u00e9ronefs neufs seront expos\u00e9s, pour le plus grand bonheur des amateurs.<\/p>\n<p>  &#13;<br \/>\n      <a href=\"https:\/\/cdn-s-www.ledauphine.com\/images\/f47854e8-6154-41ec-aa34-f06cadbcf249\/NW_raw\/photo-archives-le-dl-gerard-bellanger-1696955395.jpg\" title=\"\u00a0Photo Archives Le DL\/Gerard Bellanger\" class=\"chocolat-image GA-tracking\" data-ga_type=\"click\" data-ga_category=\"D\u00e9tail\" data-ga_action=\"zoomer\" data-ga_label=\"agrandir image\" target=\"_blank\" rel=\"noopener\">&#13;<br \/>\n          <img loading=\"lazy\" decoding=\"async\" src=\"https:\/\/www.europesays.com\/fr\/wp-content\/uploads\/2025\/06\/photo-archives-le-dl-gerard-bellanger-1696955395.jpg\" data-mobile=\"NW_listC_M|1696955395\" data-base=\"NW_listC|1696955395\" alt=\"\u00a0Photo Archives Le DL\/Gerard Bellanger\"\/>&#13;<br \/>\n      <\/a>&#13;<\/p>\n<p>\u00a0Photo Archives Le DL\/Gerard Bellanger<\/p>\n<p>&#13;<\/p>\n<p>  Is\u00e8re\u00a0:\u00a0Maxi Zoo poursuit sa croissance<\/p>\n<p>Le Groupe Fressnapf Maxi Zoo a publi\u00e9 ses r\u00e9sultats financiers pour son exercice 2024.<\/p>\n<p>Il a enregistr\u00e9 une croissance de son chiffre d\u2019affaires de 5% \u00e0 3,577 Mds\u20ac, croissance <a href=\"https:\/\/www.ledauphine.com\/economie\/2025\/02\/12\/avec-un-chiffre-d-affaires-en-hausse-maxi-zoo-poursuit-sa-croissance-et-souhaite-continuer-de-s-implanter-en-zones-rurales\" target=\"_blank\" rel=\"noopener\">qualifi\u00e9e par le groupe de \u00ab\u00a0solide\u00a0\u00bb<\/a>. L\u2019EBITDA ajust\u00e9 a atteint 342 M\u20ac HT, \u00ab\u00a0soutenu par l\u2019expansion internationale et l\u2019optimisation op\u00e9rationnelle.\u00a0\u00bb<\/p>\n<p>Le Groupe exploite \u00e0 ce jour 2 709 magasins dont 188 ouverts en 2024 \u00ab\u00a0notamment en France (50), Italie (43) et Pologne (27)\u00a0\u00bb et emploie plus de 20 000 personnes.<\/p>\n<p>\u00ab\u00a0L\u2019Allemagne reste le premier march\u00e9, suivie de l\u2019Italie (20 %), la France (15 %) et la r\u00e9gion alpine (Autriche et Suisse, 12 %). La Pologne, bien que repr\u00e9sentant actuellement 4 %, est consid\u00e9r\u00e9e comme un march\u00e9 cl\u00e9 \u00e0 moyen terme. Dans ses pays principaux, Fressnapf Maxi Zoo d\u00e9tient une part de march\u00e9 de 18 %, consolidant sa position de leader europ\u00e9en\u00a0\u00bb<\/p>\n<p>Sur 2025, le Groupe pr\u00e9voit l\u2019ouverture d\u2019une centaine de nouveaux magasins, en particulier en France et en Pologne, et d\u2019optimiser son r\u00e9seau logistique.<\/p>\n<p>\u00ab Notre croissance repose sur une base financi\u00e8re solide, soutenue par une performance substantielle de notre EBITDA et des investissements r\u00e9fl\u00e9chis dans des domaines strat\u00e9giques, commente, cit\u00e9 dans un communiqu\u00e9, Sebastian van Stiphout, Directeur Financier par int\u00e9rim du Groupe Fressnapf | Maxi Zoo. Nous sommes bien positionn\u00e9s pour une croissance durable dans toute l&rsquo;Europe. \u00bb<\/p>\n","protected":false},"excerpt":{"rendered":"&#13; &#13; &#13; &#13; -&#13; R\u00e9gion \/ Is\u00e8re\u00a0:\u00a0le cabinet Cogem rejoint\u00a0In Extenso Le cabinet d\u2019expertise comptable Cogem, implant\u00e9&hellip;\n","protected":false},"author":2,"featured_media":149303,"comment_status":"","ping_status":"","sticky":false,"template":"","format":"standard","meta":{"footnotes":""},"categories":[9566],"tags":[1111,11,2738,4646,2430,9810,2730,33,1777,674,1011,27,2731,4638,693,5015,108,3367,12,25,2429,5508,216],"class_list":{"0":"post-149302","1":"post","2":"type-post","3":"status-publish","4":"format-standard","5":"has-post-thumbnail","7":"category-grenoble","8":"tag-actu","9":"tag-actualites","10":"tag-ain","11":"tag-ardeche","12":"tag-auvergne-rhone-alpes","13":"tag-direct-entreprises","14":"tag-drome","15":"tag-economie","16":"tag-eu","17":"tag-europe","18":"tag-fr","19":"tag-france","20":"tag-grenoble","21":"tag-haute-savoie","22":"tag-industrie","23":"tag-innovation-et-start-up","24":"tag-isere","25":"tag-loire","26":"tag-news","27":"tag-republique-francaise","28":"tag-rhone","29":"tag-savoie","30":"tag-vie-des-entreprises"},"share_on_mastodon":{"url":"https:\/\/pubeurope.com\/@fr\/114620297880336692","error":""},"_links":{"self":[{"href":"https:\/\/www.europesays.com\/fr\/wp-json\/wp\/v2\/posts\/149302","targetHints":{"allow":["GET"]}}],"collection":[{"href":"https:\/\/www.europesays.com\/fr\/wp-json\/wp\/v2\/posts"}],"about":[{"href":"https:\/\/www.europesays.com\/fr\/wp-json\/wp\/v2\/types\/post"}],"author":[{"embeddable":true,"href":"https:\/\/www.europesays.com\/fr\/wp-json\/wp\/v2\/users\/2"}],"replies":[{"embeddable":true,"href":"https:\/\/www.europesays.com\/fr\/wp-json\/wp\/v2\/comments?post=149302"}],"version-history":[{"count":0,"href":"https:\/\/www.europesays.com\/fr\/wp-json\/wp\/v2\/posts\/149302\/revisions"}],"wp:featuredmedia":[{"embeddable":true,"href":"https:\/\/www.europesays.com\/fr\/wp-json\/wp\/v2\/media\/149303"}],"wp:attachment":[{"href":"https:\/\/www.europesays.com\/fr\/wp-json\/wp\/v2\/media?parent=149302"}],"wp:term":[{"taxonomy":"category","embeddable":true,"href":"https:\/\/www.europesays.com\/fr\/wp-json\/wp\/v2\/categories?post=149302"},{"taxonomy":"post_tag","embeddable":true,"href":"https:\/\/www.europesays.com\/fr\/wp-json\/wp\/v2\/tags?post=149302"}],"curies":[{"name":"wp","href":"https:\/\/api.w.org\/{rel}","templated":true}]}}