{"id":149306,"date":"2025-06-03T16:09:22","date_gmt":"2025-06-03T16:09:22","guid":{"rendered":"https:\/\/www.europesays.com\/fr\/149306\/"},"modified":"2025-06-03T16:09:22","modified_gmt":"2025-06-03T16:09:22","slug":"un-therapeute-condamne-pour-agression-sexuelle","status":"publish","type":"post","link":"https:\/\/www.europesays.com\/fr\/149306\/","title":{"rendered":"un th\u00e9rapeute condamn\u00e9 pour agression sexuelle"},"content":{"rendered":"<p>            Par<br \/>\n        <strong><br \/>\n            <a href=\"https:\/\/actu.fr\/auteur\/redaction-rennes\" title=\"Consulter tous les articles de R\u00e9daction Rennes\" rel=\"nofollow noopener\" target=\"_blank\">R\u00e9daction Rennes<\/a><br \/>\n        <\/strong><\/p>\n<p>        Publi\u00e9 le<\/p>\n<p>            3 juin 2025 \u00e0 10h54        <\/p>\n<p>Il disait devoir \u00ab\u2009\u00eatre stimul\u00e9\u2009\u00bb depuis l\u2019ablation de ses testicules en raison d\u2019un cancer. Un gestalt-th\u00e9rapeute a \u00e9t\u00e9 <strong>jug\u00e9<\/strong> par le tribunal correctionnel de Rennes, lundi 26\u00a0mai 2025, apr\u00e8s avoir agress\u00e9 sexuellement une jeune patiente de 24\u00a0ans qu\u2019il voulait sauver d\u2019une <strong>\u00ab\u2009anh\u00e9donie\u2009\u00bb,<\/strong> un sympt\u00f4me de la d\u00e9pression li\u00e9e \u00e0 l\u2019incapacit\u00e9 \u00e0 ressentir des \u00e9motions positives.<\/p>\n<p>\u00ab\u2009Stress\u00e9e\u2009\u00bb et \u00ab\u2009en retard\u2009\u00bb<\/p>\n<p class=\" wall-content\">Le 13\u00a0juillet 2023, la jeune femme, Elisa X., avait en effet port\u00e9 <strong>plainte<\/strong> contre Luc X. (son th\u00e9rapeute) apr\u00e8s avoir \u00e9t\u00e9 agress\u00e9e, la veille, dans son cabinet alors situ\u00e9 \u00e0 Rennes, lors d\u2019une s\u00e9ance de gestalt-th\u00e9rapie qui vise \u00e0 \u00ab\u2009d\u00e9bloquer les blocages corporels et affectifs pour avoir une meilleure connaissance de soi\u2009\u00bb.<\/p>\n<p class=\" wall-content\">Le pr\u00e9venu s\u2019\u00e9tait en effet inqui\u00e9t\u00e9 de voir arriver <strong>\u00ab\u2009stress\u00e9e\u2009\u00bb<\/strong> et \u00ab\u2009en retard\u2009\u00bb cette jeune femme \u00e2g\u00e9e alors de <strong>24\u00a0ans<\/strong>\u2009; il avait alors mis cet \u00e9tat sur le compte de sa \u00ab\u2009d\u00e9pression\u2009\u00bb.<\/p>\n<p>\u00ab\u2009Caresser\u2009\u00bb des parties de son corps<\/p>\n<p class=\" wall-content\">Craignant qu\u2019elle ne se \u00ab\u2009d\u00e9fenestre\u2009\u00bb, il lui avait alors propos\u00e9 de <strong>se \u00ab\u2009calmer\u2009\u00bb<\/strong> et de mettre en place <strong>des exercices<\/strong> de \u00ab\u2009reconnexion avec son corps et ses sens\u2009\u00bb\u2009: il pensait avoir d\u00e9tect\u00e9 chez elle <strong>une \u00ab\u2009anh\u00e9donie\u2009\u00bb,<\/strong> un sympt\u00f4me de la d\u00e9pression li\u00e9e \u00e0 l\u2019incapacit\u00e9 \u00e0 ressentir des \u00e9motions positives.<\/p>\n<p class=\" wall-content\">Posant donc ses mains \u00ab\u2009sur ses \u00e9paules, la base de son cou et sur ses bras\u2009\u00bb, <strong>cet homme de 49\u00a0ans<\/strong> lui avait ensuite propos\u00e9 de lui <strong>\u00ab\u2009caresser\u2009\u00bb des parties de son corps<\/strong> pour \u00ab\u2009identifier les zones du plaisir et se d\u00e9tendre\u2009\u00bb.<\/p>\n<p class=\" wall-content\">Bien qu\u2019elle lui ait dit qu\u2019elle n\u2019\u00e9tait<strong> \u00ab\u2009pas \u00e0 l\u2019aise avec l\u2019exercice\u2009\u00bb,<\/strong> Luc X. avait continu\u00e9\u2009: son ressenti \u00e9tait \u00ab\u2009normal\u2009\u00bb, l\u2019avait-il rassur\u00e9e.<\/p>\n<p>Elle s\u2019enfuit du cabinet<\/p>\n<p class=\" wall-content\">Il lui avait m\u00eame sugg\u00e9r\u00e9 de \u00ab\u2009fermer les yeux\u2009\u00bb car <strong>il allait \u00ab\u2009venir \u00e0 elle\u2009\u00bb<\/strong>\u2009: il s\u2019\u00e9tait plac\u00e9 derri\u00e8re elle et avait pench\u00e9 sa t\u00eate en arri\u00e8re pour la \u00ab\u2009poser sur son sexe\u2009\u00bb.<\/p>\n<p class=\" wall-content\">La jeune femme s\u2019\u00e9tait alors redress\u00e9e, <strong>\u00ab\u2009paniqu\u00e9e\u2009\u00bb<\/strong>\u2009: en rouvrant les yeux elle l\u2019avait vu \u00ab\u2009sourire\u2009\u00bb, la main \u00ab\u2009pos\u00e9e sur son sexe\u2009\u00bb. Elle avait donc<strong> r\u00e9gl\u00e9 en vitesse la s\u00e9ance<\/strong> et \u00ab\u2009fui la pi\u00e8ce\u2009\u00bb.<\/p>\n<p>\u00ab\u2009V\u00e9rifier \u00e0 tout prix\u2009\u00bb<\/p>\n<p class=\" wall-content\">Entendu, le gestalt-th\u00e9rapeute a dit \u00ab\u2009mesurer le d\u00e9sagr\u00e9ment\u2009\u00bb suscit\u00e9, mais a expliqu\u00e9 avoir d\u00fb <strong>agir \u00ab\u2009dans l\u2019urgence\u2009\u00bb<\/strong>\u2009: il fallait \u00ab\u2009\u00e0 tout prix v\u00e9rifier\u2009\u00bb que sa cliente ne souffrait pas d\u2019anh\u00e9donie.<\/p>\n<blockquote class=\"ac-article-quote wall-content\">\n<p>Demander \u00e0 une personne d&rsquo;entrer en contact avec son corps est enseign\u00e9 dans la pratique de la gestalt-th\u00e9rapie.<\/p>\n<p>    <strong>Luc X.<\/strong>\n            <\/p><\/blockquote>\n<p class=\" wall-content\">\u00ab\u2009Demander aux clients de fermer les yeux et entrer en contact physique par d\u2019autres moyens qu\u2019une accolade [\u2026] ne fait pas partie de la pratique\u2009\u00bb, l\u2019avait toutefois contredit une cons\u0153ur au cours de l\u2019enqu\u00eate.<\/p>\n<p>Une ablation des testicules<\/p>\n<p class=\" wall-content\">Luc X., par ailleurs p\u00e8re d\u2019une petite fille, a subi <strong>\u00ab\u2009l\u2019ablation d\u2019un de ses testicules<\/strong> des suites d\u2019un cancer\u2009\u00bb, a-t-il fait savoir au cours de son proc\u00e8s au tribunal correctionnel de Rennes ce lundi 26\u00a0mai 2025.<\/p>\n<p class=\" wall-content\">Il avoue <strong>devoir \u00ab\u2009\u00eatre stimul\u00e9\u2009\u00bb<\/strong> depuis. Le pr\u00e9venu a \u00e9galement racont\u00e9 s\u2019\u00eatre form\u00e9 \u00e0 la gestalt-th\u00e9rapie pour \u00ab\u2009avoir un nouvel objectif de vie\u2009\u00bb.<\/p>\n<p class=\" wall-content\">Accompagnant <strong>35 clients<\/strong> au moment des faits, il a \u00ab\u2009toujours \u00e9t\u00e9 <strong>professionnel\u2009\u00bb<\/strong> en dehors de cette \u00ab\u2009faute\u2009\u00bb lors de la s\u00e9ance racont\u00e9e par la victime.<\/p>\n<p>Coupable<\/p>\n<p class=\" wall-content\">Le tribunal correctionnel de Rennes l\u2019a donc reconnu <strong>coupable<\/strong> des faits reproch\u00e9s et l\u2019a condamn\u00e9 \u00e0 <strong>12\u00a0mois de prison avec sursis<\/strong>.<\/p>\n<p class=\" wall-content\">Son nom a \u00e9t\u00e9 <strong>inscrit au Fichier<\/strong> judiciaire automatis\u00e9 des auteurs d\u2019infractions sexuelles (FIJAIS) et il devra verser <strong>2\u2009000\u00a0euros de dommages et int\u00e9r\u00eats<\/strong> \u00e0 Elisa X.<\/p>\n<p class=\" wall-content\"><strong>IP (PressPepper)<\/strong><\/p>\n<p class=\" wall-content\">Suivez toute l\u2019actualit\u00e9 de vos villes et m\u00e9dias favoris en vous inscrivant \u00e0 <a href=\"https:\/\/moncompte.actu.fr\" title=\"D\u00e9couvez Mon Actu\" rel=\"nofollow noopener\" data-trk=\"{&quot;cta&quot;:{&quot;action&quot;:&quot;https:\\\/\\\/moncompte.actu.fr&quot;,&quot;category&quot;:&quot;mon compte&quot;,&quot;from&quot;:&quot;article footer&quot;,&quot;name&quot;:&quot;Mon actu&quot;,&quot;type&quot;:&quot;cta&quot;}}\" target=\"_blank\">Mon Actu<\/a>.<\/p>\n<ul class=\"ac-article-tag wall-content\">\n<li><a href=\"https:\/\/actu.fr\/tag\/justice\" data-trk=\"{&quot;cta&quot;:{&quot;action&quot;:&quot;Justice&quot;,&quot;category&quot;:&quot;tag&quot;,&quot;from&quot;:&quot;article footer&quot;,&quot;name&quot;:&quot;Justice&quot;,&quot;type&quot;:&quot;cta&quot;}}\" rel=\"nofollow noopener\" target=\"_blank\">#Justice<\/a><\/li>\n<li><a href=\"https:\/\/actu.fr\/tag\/violences-sexuelles\" data-trk=\"{&quot;cta&quot;:{&quot;action&quot;:&quot;Violences sexuelles&quot;,&quot;category&quot;:&quot;tag&quot;,&quot;from&quot;:&quot;article footer&quot;,&quot;name&quot;:&quot;Violences sexuelles&quot;,&quot;type&quot;:&quot;cta&quot;}}\" rel=\"nofollow noopener\" target=\"_blank\">#Violences sexuelles<\/a><\/li>\n<\/ul>\n","protected":false},"excerpt":{"rendered":"Par R\u00e9daction Rennes Publi\u00e9 le 3 juin 2025 \u00e0 10h54 Il disait devoir \u00ab\u2009\u00eatre stimul\u00e9\u2009\u00bb depuis l\u2019ablation de&hellip;\n","protected":false},"author":2,"featured_media":149307,"comment_status":"","ping_status":"","sticky":false,"template":"","format":"standard","meta":{"footnotes":""},"categories":[2821],"tags":[1111,11,829,1777,674,1011,27,303,12,584,25,104,799],"class_list":{"0":"post-149306","1":"post","2":"type-post","3":"status-publish","4":"format-standard","5":"has-post-thumbnail","7":"category-rennes","8":"tag-actu","9":"tag-actualites","10":"tag-bretagne","11":"tag-eu","12":"tag-europe","13":"tag-fr","14":"tag-france","15":"tag-justice","16":"tag-news","17":"tag-rennes","18":"tag-republique-francaise","19":"tag-societe","20":"tag-violences-sexuelles"},"share_on_mastodon":{"url":"https:\/\/pubeurope.com\/@fr\/114620305496501919","error":""},"_links":{"self":[{"href":"https:\/\/www.europesays.com\/fr\/wp-json\/wp\/v2\/posts\/149306","targetHints":{"allow":["GET"]}}],"collection":[{"href":"https:\/\/www.europesays.com\/fr\/wp-json\/wp\/v2\/posts"}],"about":[{"href":"https:\/\/www.europesays.com\/fr\/wp-json\/wp\/v2\/types\/post"}],"author":[{"embeddable":true,"href":"https:\/\/www.europesays.com\/fr\/wp-json\/wp\/v2\/users\/2"}],"replies":[{"embeddable":true,"href":"https:\/\/www.europesays.com\/fr\/wp-json\/wp\/v2\/comments?post=149306"}],"version-history":[{"count":0,"href":"https:\/\/www.europesays.com\/fr\/wp-json\/wp\/v2\/posts\/149306\/revisions"}],"wp:featuredmedia":[{"embeddable":true,"href":"https:\/\/www.europesays.com\/fr\/wp-json\/wp\/v2\/media\/149307"}],"wp:attachment":[{"href":"https:\/\/www.europesays.com\/fr\/wp-json\/wp\/v2\/media?parent=149306"}],"wp:term":[{"taxonomy":"category","embeddable":true,"href":"https:\/\/www.europesays.com\/fr\/wp-json\/wp\/v2\/categories?post=149306"},{"taxonomy":"post_tag","embeddable":true,"href":"https:\/\/www.europesays.com\/fr\/wp-json\/wp\/v2\/tags?post=149306"}],"curies":[{"name":"wp","href":"https:\/\/api.w.org\/{rel}","templated":true}]}}