{"id":149312,"date":"2025-06-03T16:12:13","date_gmt":"2025-06-03T16:12:13","guid":{"rendered":"https:\/\/www.europesays.com\/fr\/149312\/"},"modified":"2025-06-03T16:12:13","modified_gmt":"2025-06-03T16:12:13","slug":"de-nouveaux-soutiens-pour-la-municipalite","status":"publish","type":"post","link":"https:\/\/www.europesays.com\/fr\/149312\/","title":{"rendered":"de nouveaux soutiens pour la municipalit\u00e9"},"content":{"rendered":"<p>Alors que la maire de Strasbourg, Jeanne Barseghian, <a href=\"https:\/\/www.dna.fr\/politique\/2025\/05\/22\/strasbourg-va-etre-jumelee-avec-le-camp-d-aida-en-soutien-au-peuple-palestinien\" target=\"_blank\" rel=\"nofollow noopener\">propose un jumelage entre la ville et le camp palestinien d\u2019A\u00efda<\/a>, pr\u00e8s de Bethl\u00e9em, une vingtaine d\u2019organisations, pro-palestiniennes et\/ou de gauche, r\u00e9affirment <a href=\"https:\/\/www.dna.fr\/defense-guerre-conflit\/2025\/05\/27\/jumelage-avec-le-camp-palestinien-d-aida-une-polemique-qui-enfle\" target=\"_blank\" rel=\"nofollow noopener\">leur soutien<\/a> \u00e0 cette initiative.<\/p>\n<p>Dans un communiqu\u00e9 commun, elles d\u00e9noncent <a href=\"https:\/\/www.dna.fr\/defense-guerre-conflit\/2025\/05\/26\/jumelage-avec-un-camp-palestinien-deux-photos-de-jeanne-barseghian-avec-une-carte-equivoque-et-un-keffieh-sement-la-discorde\" target=\"_blank\" rel=\"nofollow noopener\">\u00ab la campagne d\u2019opinion \u00bb<\/a> men\u00e9e par plusieurs personnalit\u00e9s politiques locales (Pierre Jakubowicz, Jean-Philippe Vetter, Catherine Trautmann), qu\u2019elles accusent d\u2019instrumentaliser un suppos\u00e9 \u00ab\u00a0id\u00e9al de paix\u00a0\u00bb pour disqualifier toute solidarit\u00e9 avec la Palestine.<\/p>\n<p>Le texte qualifie les actions de l\u2019arm\u00e9e isra\u00e9lienne \u00e0 Gaza et en Cisjordanie de g\u00e9nocide et appelle \u00e0 les nommer comme telles. Il exige un cessez-le-feu imm\u00e9diat, la fin du blocus, la lib\u00e9ration des otages isra\u00e9liens et des prisonniers palestiniens, ainsi que des sanctions concr\u00e8tes contre Isra\u00ebl, comme la suspension de l\u2019accord d\u2019association UE-Isra\u00ebl et un embargo sur les armes.<\/p>\n","protected":false},"excerpt":{"rendered":"Alors que la maire de Strasbourg, Jeanne Barseghian, propose un jumelage entre la ville et le camp palestinien&hellip;\n","protected":false},"author":2,"featured_media":149313,"comment_status":"","ping_status":"","sticky":false,"template":"","format":"standard","meta":{"footnotes":""},"categories":[2820],"tags":[1111,11,2880,1777,674,107,1011,27,775,664,12,3518,316,25,104,640,2879],"class_list":{"0":"post-149312","1":"post","2":"type-post","3":"status-publish","4":"format-standard","5":"has-post-thumbnail","7":"category-strasbourg","8":"tag-actu","9":"tag-actualites","10":"tag-edition-strasbourg","11":"tag-eu","12":"tag-europe","13":"tag-fil-info","14":"tag-fr","15":"tag-france","16":"tag-grand-est","17":"tag-israel","18":"tag-news","19":"tag-palestine","20":"tag-politique","21":"tag-republique-francaise","22":"tag-societe","23":"tag-strasbourg","24":"tag-strasbourg-ville"},"share_on_mastodon":{"url":"https:\/\/pubeurope.com\/@fr\/114620317255571382","error":""},"_links":{"self":[{"href":"https:\/\/www.europesays.com\/fr\/wp-json\/wp\/v2\/posts\/149312","targetHints":{"allow":["GET"]}}],"collection":[{"href":"https:\/\/www.europesays.com\/fr\/wp-json\/wp\/v2\/posts"}],"about":[{"href":"https:\/\/www.europesays.com\/fr\/wp-json\/wp\/v2\/types\/post"}],"author":[{"embeddable":true,"href":"https:\/\/www.europesays.com\/fr\/wp-json\/wp\/v2\/users\/2"}],"replies":[{"embeddable":true,"href":"https:\/\/www.europesays.com\/fr\/wp-json\/wp\/v2\/comments?post=149312"}],"version-history":[{"count":0,"href":"https:\/\/www.europesays.com\/fr\/wp-json\/wp\/v2\/posts\/149312\/revisions"}],"wp:featuredmedia":[{"embeddable":true,"href":"https:\/\/www.europesays.com\/fr\/wp-json\/wp\/v2\/media\/149313"}],"wp:attachment":[{"href":"https:\/\/www.europesays.com\/fr\/wp-json\/wp\/v2\/media?parent=149312"}],"wp:term":[{"taxonomy":"category","embeddable":true,"href":"https:\/\/www.europesays.com\/fr\/wp-json\/wp\/v2\/categories?post=149312"},{"taxonomy":"post_tag","embeddable":true,"href":"https:\/\/www.europesays.com\/fr\/wp-json\/wp\/v2\/tags?post=149312"}],"curies":[{"name":"wp","href":"https:\/\/api.w.org\/{rel}","templated":true}]}}