{"id":149316,"date":"2025-06-03T16:14:10","date_gmt":"2025-06-03T16:14:10","guid":{"rendered":"https:\/\/www.europesays.com\/fr\/149316\/"},"modified":"2025-06-03T16:14:10","modified_gmt":"2025-06-03T16:14:10","slug":"attention-deux-voies-de-circulation-seront-neutralisees-sur-la-prom-pendant-le-sommet-des-oceans-unoc-a-nice","status":"publish","type":"post","link":"https:\/\/www.europesays.com\/fr\/149316\/","title":{"rendered":"Attention, deux voies de circulation seront neutralis\u00e9es sur la Prom\u2019 pendant le Sommet des oc\u00e9ans Unoc \u00e0 Nice"},"content":{"rendered":"<p>\u00ab\u00a0Voie r\u00e9serv\u00e9e\u00a0\u00bb. Le marquage au sol est d\u00e9j\u00e0 en place sur la Prom&rsquo; \u00e0 Nice depuis lundi. Une inscription synonyme d&rsquo;interdiction d&rsquo;y circuler pour les automobilistes et autres deux roues pendant le Sommet des Oc\u00e9ans qui se tient du 9 au 13 juin \u00e0 Nice?\u00a0<\/p>\n<p><strong>\u00ab\u00a0Il n\u2019y\u00a0aura pas de fermeture de la Promenade des Anglais pendant le sommet\u00a0\u00bb<\/strong>, r\u00e9pond le pr\u00e9fet des Alpes-Maritimes Laurent Hottiaux.<\/p>\n<p>Le pr\u00e9fet recommande (quand m\u00eame) d&rsquo;\u00e9viter la Prom&rsquo;<\/p>\n<p>Mais cet axe de circulation sera n\u00e9anmoins \u00ab\u00a0impact\u00e9\u00a0\u00bb, pr\u00e9vient le repr\u00e9sentant de l\u2019\u00c9tat qui conseille \u00e0 ceux qui le peuvent de l\u2019\u00e9viter.<\/p>\n<p><strong>Ces deux voies de circulation sont prioritairement r\u00e9serv\u00e9es aux cort\u00e8ges officiels<\/strong>. Car plusieurs d\u00e9l\u00e9gations seront log\u00e9es dans les h\u00f4tels de la Prom\u2019.<\/p>\n<p>              <img ci-src=\"https:\/\/www.nicematin.com\/info-trafic\/maxmatinarchtwo125397-vmwq5Ozf.jpg?vh=7d4541&amp;ci_seal=b2cacfdafd\" alt=\"\"\/><br \/>\n        L&rsquo;un des panneaux dor\u00e9navant d\u00e9ploy\u00e9s sur la Promenade des Anglais \u00e0 Nice.  <strong>Photo Frantz Bouton.<\/strong> <\/p>\n<p>Traduction:<strong> lors des transferts de chaque d\u00e9l\u00e9gation, ces voies seront interdites \u00e0 la circulation. Vous pourrez y circuler librement quand il n&rsquo;y a pas de cort\u00e8ge.\u00a0<\/strong><\/p>\n<p>Le Negresco accueillera en outre le d\u00eener de gala des chefs d\u2019\u00c9tat et de gouvernement dimanche. Des perturbations sont donc \u00e0 pr\u00e9voir. Y compris sur le r\u00e9seau de transport en commun. Les lignes de bus passant par le front de mer ni\u00e7ois seront d\u00e9vi\u00e9es, selon des pr\u00e9cisions \u00e0 venir.<\/p>\n","protected":false},"excerpt":{"rendered":"\u00ab\u00a0Voie r\u00e9serv\u00e9e\u00a0\u00bb. Le marquage au sol est d\u00e9j\u00e0 en place sur la Prom&rsquo; \u00e0 Nice depuis lundi. Une&hellip;\n","protected":false},"author":2,"featured_media":149317,"comment_status":"","ping_status":"","sticky":false,"template":"","format":"standard","meta":{"footnotes":""},"categories":[2819],"tags":[1111,11,1777,674,1011,27,803,12,2401,882,25,3366],"class_list":{"0":"post-149316","1":"post","2":"type-post","3":"status-publish","4":"format-standard","5":"has-post-thumbnail","7":"category-nice","8":"tag-actu","9":"tag-actualites","10":"tag-eu","11":"tag-europe","12":"tag-fr","13":"tag-france","14":"tag-info-trafic","15":"tag-news","16":"tag-nice","17":"tag-provence-alpes-cote-dazur","18":"tag-republique-francaise","19":"tag-vie-locale"},"share_on_mastodon":{"url":"https:\/\/pubeurope.com\/@fr\/114620325084935170","error":""},"_links":{"self":[{"href":"https:\/\/www.europesays.com\/fr\/wp-json\/wp\/v2\/posts\/149316","targetHints":{"allow":["GET"]}}],"collection":[{"href":"https:\/\/www.europesays.com\/fr\/wp-json\/wp\/v2\/posts"}],"about":[{"href":"https:\/\/www.europesays.com\/fr\/wp-json\/wp\/v2\/types\/post"}],"author":[{"embeddable":true,"href":"https:\/\/www.europesays.com\/fr\/wp-json\/wp\/v2\/users\/2"}],"replies":[{"embeddable":true,"href":"https:\/\/www.europesays.com\/fr\/wp-json\/wp\/v2\/comments?post=149316"}],"version-history":[{"count":0,"href":"https:\/\/www.europesays.com\/fr\/wp-json\/wp\/v2\/posts\/149316\/revisions"}],"wp:featuredmedia":[{"embeddable":true,"href":"https:\/\/www.europesays.com\/fr\/wp-json\/wp\/v2\/media\/149317"}],"wp:attachment":[{"href":"https:\/\/www.europesays.com\/fr\/wp-json\/wp\/v2\/media?parent=149316"}],"wp:term":[{"taxonomy":"category","embeddable":true,"href":"https:\/\/www.europesays.com\/fr\/wp-json\/wp\/v2\/categories?post=149316"},{"taxonomy":"post_tag","embeddable":true,"href":"https:\/\/www.europesays.com\/fr\/wp-json\/wp\/v2\/tags?post=149316"}],"curies":[{"name":"wp","href":"https:\/\/api.w.org\/{rel}","templated":true}]}}