{"id":149326,"date":"2025-06-03T16:21:08","date_gmt":"2025-06-03T16:21:08","guid":{"rendered":"https:\/\/www.europesays.com\/fr\/149326\/"},"modified":"2025-06-03T16:21:08","modified_gmt":"2025-06-03T16:21:08","slug":"alerte-par-la-meteo-tisseo-lance-des-travaux-express-dans-ce-parking-relais-de-toulouse","status":"publish","type":"post","link":"https:\/\/www.europesays.com\/fr\/149326\/","title":{"rendered":"Alert\u00e9 par la m\u00e9t\u00e9o, Tiss\u00e9o lance des travaux express dans ce parking relais de Toulouse"},"content":{"rendered":"<p>            Par<br \/>\n        <strong><br \/>\n            <a href=\"https:\/\/actu.fr\/auteur\/mareva-laville-actu-fr\" title=\"Consulter tous les articles de Mar\u00e9va Laville\" target=\"_blank\" rel=\"noopener\">Mar\u00e9va Laville<\/a><br \/>\n        <\/strong><\/p>\n<p>        Publi\u00e9 le<\/p>\n<p>            3 juin 2025 \u00e0 17h46        <\/p>\n<p>Le vent toulousain aura eu raison du <strong>parking relais de Basso Cambo<\/strong>. Apr\u00e8s les r\u00e9cents <a href=\"https:\/\/actu.fr\/occitanie\/toulouse_31555\/direct-des-rafales-de-vent-a-153-km-h-en-haute-garonne-1-500-foyers-prives-d-electricite_62402273.html\" target=\"_blank\" rel=\"noopener\">\u00e9pisodes de vents violents<\/a> \u00e0 <a href=\"http:\/\/www.actu.fr\/toulouse\" target=\"_blank\" rel=\"noopener\"><strong>Toulouse<\/strong><\/a>, \u00ab\u2009Tiss\u00e9o a constat\u00e9 que les fa\u00e7ades du parking relais devaient \u00eatre renforc\u00e9es pour mieux r\u00e9sister \u00e0 ces conditions m\u00e9t\u00e9orologiques intenses\u2009\u00bb, informe le r\u00e9seau de transports en commun.<\/p>\n<p class=\" wall-content\">En mars et avril dernier, des <a href=\"https:\/\/actu.fr\/occitanie\/toulouse_31555\/le-vent-d-autan-deja-de-retour-a-toulouse-et-en-occitanie-des-rafales-jusqu-a-110-km-h-prevoit-meteo-france_62441175.html\" target=\"_blank\" rel=\"noopener\">rafales grimpant jusqu\u2019\u00e0 110\u00a0km\/h<\/a> s\u2019\u00e9taient d\u00e9cha\u00een\u00e9es dans la Ville rose. Et r\u00e9cemment encore, le dernier <a href=\"https:\/\/actu.fr\/occitanie\/toulouse_31555\/un-orage-supercellulaire-touche-le-sud-ouest-de-toulouse-des-grelons-de-6-a-7-centimetres_62656841.html\" target=\"_blank\" rel=\"noopener\">orage, d\u00e9vastateur<\/a> dans la r\u00e9gion toulousaine, avait amen\u00e9 avec lui une nouvelle dose. Celle de trop pour le parking silo\u2009?<\/p>\n<p>Le parking de Basso Cambo en travaux pendant plusieurs jours<\/p>\n<p class=\" wall-content\">Depuis lundi 2\u00a0juin, et <strong>\u00ab\u2009pendant deux semaines<\/strong>, maximum\u2009\u00bb, des<strong> travaux de s\u00e9curisation<\/strong> occuperont donc le P+R de Basso Cambo, terminus de la <a href=\"https:\/\/actu.fr\/tag\/metro-de-toulouse\" target=\"_blank\" rel=\"noopener\">ligne A du m\u00e9tro de Toulouse.<\/a><\/p>\n<p class=\" wall-content\">Premi\u00e8re phase\u2009? La pose de filets de protection pour couvrir trois <strong>fa\u00e7ades rev\u00eatues d\u2019ailettes-drapeaux<\/strong>. Il s\u2019agit d\u2019une \u00e9tape de \u00ab\u2009pr\u00e9caution\u2009\u00bb. Car plus pr\u00e9cis\u00e9ment, <a href=\"https:\/\/actu.fr\/tag\/tisseo\" target=\"_blank\" rel=\"noopener\">Tiss\u00e9o<\/a> fera reprendre, voire remplacer, la <strong>fixation des \u00e9l\u00e9ments m\u00e9talliques<\/strong> qui ornent l\u2019\u00e9difice \u00e0 plusieurs \u00e9tages.<\/p>\n<p class=\" wall-content\">Mais \u00e0 ceux qui s\u2019inqui\u00e9teraient de voir dispara\u00eetre le d\u00e9cor si particulier au parking silo de Basso Cambo, qu\u2019ils s\u2019en voient rassur\u00e9s\u2009: \u00ab\u2009\u00c0 l\u2019issue de la proc\u00e9dure conduite par les assurances, le parking relais retrouvera son apparence actuelle\u2009\u00bb, indique Tiss\u00e9o.<\/p>\n<p>Vid\u00e9os : en ce moment sur ActuLes 780 places de stationnement, m\u00e9tro et bus accessibles<\/p>\n<p class=\" wall-content\">Pendant les travaux, <strong>le parking offrant 780 places reste ouvert<\/strong> et accessible aux usagers. L\u2019acc\u00e8s et la connexion avec le <strong>m\u00e9tro A<\/strong> et la<strong> gare de bus<\/strong> permettant d\u2019emprunter 14 lignes de bus, dont le bus 25, le Lin\u00e9o 4 et le Lin\u00e9o 11, aussi.<\/p>\n<p class=\" wall-content\">\u00ab\u2009Nous pr\u00e9sentons nos excuses \u00e0 nos usagers pour la g\u00eane \u00e9ventuelle engendr\u00e9e par ces op\u00e9rations\u2009\u00bb, d\u00e9clare toutefois Tiss\u00e9o.<\/p>\n<p>    <a href=\"https:\/\/www.google.com\/maps\/embed?pb=!1m18!1m12!1m3!1d3809.1480156684834!2d1.3889903125362046!3d43.570366470985576!2m3!1f0!2f0!3f0!3m2!1i1024!2i768!4f13.1!3m3!1m2!1s0x12aeba38ea392605%3A0xf01bc96e89ad4187!2sParking%20Relais%20P%2BR%20Basso%20Cambo%201!5e1!3m2!1sfr!2sfr!4v1748961048424!5m2!1sfr!2sfr\" title=\"Ouvrie le lien\" target=\"_blank\" rel=\"noopener\">Cliquez ici pour visualiser le contenu<\/a><\/p>\n<p class=\" wall-content\">Suivez toute l\u2019actualit\u00e9 de vos villes et m\u00e9dias favoris en vous inscrivant \u00e0 <a href=\"https:\/\/moncompte.actu.fr\" title=\"D\u00e9couvez Mon Actu\" rel=\"nofollow noopener\" data-trk=\"{&quot;cta&quot;:{&quot;action&quot;:&quot;https:\\\/\\\/moncompte.actu.fr&quot;,&quot;category&quot;:&quot;mon compte&quot;,&quot;from&quot;:&quot;article footer&quot;,&quot;name&quot;:&quot;Mon actu&quot;,&quot;type&quot;:&quot;cta&quot;}}\" target=\"_blank\">Mon Actu<\/a>.<\/p>\n","protected":false},"excerpt":{"rendered":"Par Mar\u00e9va Laville Publi\u00e9 le 3 juin 2025 \u00e0 17h46 Le vent toulousain aura eu raison du parking&hellip;\n","protected":false},"author":2,"featured_media":149327,"comment_status":"","ping_status":"","sticky":false,"template":"","format":"standard","meta":{"footnotes":""},"categories":[2816],"tags":[1111,11,1777,674,1011,27,10596,12,2680,25,104,6173,5400,2312],"class_list":{"0":"post-149326","1":"post","2":"type-post","3":"status-publish","4":"format-standard","5":"has-post-thumbnail","7":"category-toulouse","8":"tag-actu","9":"tag-actualites","10":"tag-eu","11":"tag-europe","12":"tag-fr","13":"tag-france","14":"tag-metro-de-toulouse","15":"tag-news","16":"tag-occitanie","17":"tag-republique-francaise","18":"tag-societe","19":"tag-stationnement","20":"tag-tisseo","21":"tag-toulouse"},"share_on_mastodon":{"url":"https:\/\/pubeurope.com\/@fr\/114620352709363117","error":""},"_links":{"self":[{"href":"https:\/\/www.europesays.com\/fr\/wp-json\/wp\/v2\/posts\/149326","targetHints":{"allow":["GET"]}}],"collection":[{"href":"https:\/\/www.europesays.com\/fr\/wp-json\/wp\/v2\/posts"}],"about":[{"href":"https:\/\/www.europesays.com\/fr\/wp-json\/wp\/v2\/types\/post"}],"author":[{"embeddable":true,"href":"https:\/\/www.europesays.com\/fr\/wp-json\/wp\/v2\/users\/2"}],"replies":[{"embeddable":true,"href":"https:\/\/www.europesays.com\/fr\/wp-json\/wp\/v2\/comments?post=149326"}],"version-history":[{"count":0,"href":"https:\/\/www.europesays.com\/fr\/wp-json\/wp\/v2\/posts\/149326\/revisions"}],"wp:featuredmedia":[{"embeddable":true,"href":"https:\/\/www.europesays.com\/fr\/wp-json\/wp\/v2\/media\/149327"}],"wp:attachment":[{"href":"https:\/\/www.europesays.com\/fr\/wp-json\/wp\/v2\/media?parent=149326"}],"wp:term":[{"taxonomy":"category","embeddable":true,"href":"https:\/\/www.europesays.com\/fr\/wp-json\/wp\/v2\/categories?post=149326"},{"taxonomy":"post_tag","embeddable":true,"href":"https:\/\/www.europesays.com\/fr\/wp-json\/wp\/v2\/tags?post=149326"}],"curies":[{"name":"wp","href":"https:\/\/api.w.org\/{rel}","templated":true}]}}