{"id":149340,"date":"2025-06-03T16:28:09","date_gmt":"2025-06-03T16:28:09","guid":{"rendered":"https:\/\/www.europesays.com\/fr\/149340\/"},"modified":"2025-06-03T16:28:09","modified_gmt":"2025-06-03T16:28:09","slug":"68-des-franciliens-favorables-a-la-suspension-de-louverture-a-la-concurrence-dans-les-transports","status":"publish","type":"post","link":"https:\/\/www.europesays.com\/fr\/149340\/","title":{"rendered":"68% des Franciliens favorables \u00e0 la suspension de l&rsquo;ouverture \u00e0 la concurrence dans les transports"},"content":{"rendered":"<p>C\u2018est ce que r\u00e9v\u00e8le un sondage r\u00e9alis\u00e9 par l\u2019Ifop pour le compte de la CGT RATP. Sondage, rendu public ce jour, dans lequel 63% des Franciliens interrog\u00e9s estiment que l\u2019ouverture \u00e0 la concurrence pour l\u2019exploitation des transports en commun de la r\u00e9gion n\u2019am\u00e9liorera pas la qualit\u00e9 de service. 54% pensent m\u00eame qu\u2019elle va augmenter les tarifs. Autre tendance notable, 77% des sond\u00e9s se disent favorables \u00e0 l\u2019organisation d\u2019un r\u00e9f\u00e9rendum sur le sujet et 68% soutiennent une suspension du processus dans l\u2019attente de ce r\u00e9f\u00e9rendum. On notera \u00e9galement que, selon ce m\u00eame sondage, 49% des Franciliens ignorent que ce processus d\u2019ouverture \u00e0 la concurrence est en cours pour l\u2019exploitation du r\u00e9seau de bus RATP <a href=\"https:\/\/www.echoidf.fr\/la-ratp-conserve-des-bus-et-en-perd-dautres-en-petite-couronne\/\" rel=\"nofollow noopener\" target=\"_blank\">mettant fin au monopole historique de l\u2019op\u00e9rateur \u00e0 Paris et en petite couronne<\/a>.<\/p>\n<p>Pour C\u00e9line Malais\u00e9, la pr\u00e9sidente du groupe d\u2019opposition de la Gauche Communiste, \u00c9cologiste et Citoyenne \u00e0 la R\u00e9gion, ce sondage livre \u00ab un constat sans appel qui contredit tous les arguments des partisans de la privatisation \u00bb ou plut\u00f4t de l\u2019ouverture \u00e0 la concurrence puisqu\u2019il s\u2019agit bien l\u00e0 de d\u00e9l\u00e9gation de service public. Pour l\u2019\u00e9lue de gauche, \u00ab ces r\u00e9sultats confirment l\u2019urgence \u00e0 informer les usag\u00e8res et usagers sur le processus en cours et \u00e0 remettre de la d\u00e9mocratie dans les choix op\u00e9r\u00e9s pour le service public des transports \u00bb. Elle qui estime qu\u2019Ile-de-France Mobilit\u00e9s, l\u2019autorit\u00e9 organisatrices de transports dans la r\u00e9gion, \u00ab avance quoiqu\u2019il en co\u00fbte, sans aucune \u00e9tude d\u2019impacts ni remise en cause apr\u00e8s l\u2019\u00e9chec de la mise en concurrence des bus de grande couronne \u00bb.<\/p>\n<p>Son groupe demande ainsi \u00e0 Val\u00e9rie P\u00e9cresse, la pr\u00e9sidente (LR) de la R\u00e9gion et d\u2019Ile-de-France Mobilit\u00e9s, et au gouvernement de \u00ab r\u00e9unir les conditions pour la suspension imm\u00e9diate de la privatisation des transports \u00bb et d\u2019organiser un r\u00e9f\u00e9rendum r\u00e9gional sur le sujet. \u00ab Un changement de pied est indispensable alors que de nombreuses exp\u00e9riences de privatisation en Europe ont abouti \u00e0 un fiasco du priv\u00e9 et \u00e0 un retour de la gestion publique \u00bb, plaide C\u00e9line Malais\u00e9.<\/p>\n","protected":false},"excerpt":{"rendered":"C\u2018est ce que r\u00e9v\u00e8le un sondage r\u00e9alis\u00e9 par l\u2019Ifop pour le compte de la CGT RATP. Sondage, rendu&hellip;\n","protected":false},"author":2,"featured_media":149341,"comment_status":"","ping_status":"","sticky":false,"template":"","format":"standard","meta":{"footnotes":""},"categories":[1592],"tags":[1111,11,7048,1271,20741,27856,1777,674,1011,27,27857,27858,27859,662,14484,12,24075,626,625,25,13947,800,2216],"class_list":{"0":"post-149340","1":"post","2":"type-post","3":"status-publish","4":"format-standard","5":"has-post-thumbnail","7":"category-ile-de-france","8":"tag-actu","9":"tag-actualites","10":"tag-bus","11":"tag-cgt","12":"tag-conseil-ru00e9gional","13":"tag-cu00e9line-malaisu00e9","14":"tag-eu","15":"tag-europe","16":"tag-fr","17":"tag-france","18":"tag-franciliens","19":"tag-gauche-communiste-u00c9cologiste-et-citoyenne","20":"tag-ifop","21":"tag-ile-de-france","22":"tag-ile-de-france-mobilitu00e9s","23":"tag-news","24":"tag-ouverture-u00e0-la-concurrence","25":"tag-paris","26":"tag-ratp","27":"tag-republique-francaise","28":"tag-sondage","29":"tag-transports","30":"tag-transports-en-commun"},"share_on_mastodon":{"url":"https:\/\/pubeurope.com\/@fr\/114620380259402620","error":""},"_links":{"self":[{"href":"https:\/\/www.europesays.com\/fr\/wp-json\/wp\/v2\/posts\/149340","targetHints":{"allow":["GET"]}}],"collection":[{"href":"https:\/\/www.europesays.com\/fr\/wp-json\/wp\/v2\/posts"}],"about":[{"href":"https:\/\/www.europesays.com\/fr\/wp-json\/wp\/v2\/types\/post"}],"author":[{"embeddable":true,"href":"https:\/\/www.europesays.com\/fr\/wp-json\/wp\/v2\/users\/2"}],"replies":[{"embeddable":true,"href":"https:\/\/www.europesays.com\/fr\/wp-json\/wp\/v2\/comments?post=149340"}],"version-history":[{"count":0,"href":"https:\/\/www.europesays.com\/fr\/wp-json\/wp\/v2\/posts\/149340\/revisions"}],"wp:featuredmedia":[{"embeddable":true,"href":"https:\/\/www.europesays.com\/fr\/wp-json\/wp\/v2\/media\/149341"}],"wp:attachment":[{"href":"https:\/\/www.europesays.com\/fr\/wp-json\/wp\/v2\/media?parent=149340"}],"wp:term":[{"taxonomy":"category","embeddable":true,"href":"https:\/\/www.europesays.com\/fr\/wp-json\/wp\/v2\/categories?post=149340"},{"taxonomy":"post_tag","embeddable":true,"href":"https:\/\/www.europesays.com\/fr\/wp-json\/wp\/v2\/tags?post=149340"}],"curies":[{"name":"wp","href":"https:\/\/api.w.org\/{rel}","templated":true}]}}