{"id":149344,"date":"2025-06-03T16:30:10","date_gmt":"2025-06-03T16:30:10","guid":{"rendered":"https:\/\/www.europesays.com\/fr\/149344\/"},"modified":"2025-06-03T16:30:10","modified_gmt":"2025-06-03T16:30:10","slug":"violences-apres-la-victoire-du-psg-ce-que-revelent-les-premieres-condamnations","status":"publish","type":"post","link":"https:\/\/www.europesays.com\/fr\/149344\/","title":{"rendered":"Violences apr\u00e8s la victoire du PSG : ce que r\u00e9v\u00e8lent les premi\u00e8res condamnations"},"content":{"rendered":"<ul class=\"jsx-862013697 ArticleChapo__List\">\n<li class=\"jsx-862013697 ArticleChapo__List_Item flex\">De violents incidents ont \u00e9clat\u00e9 samedi et dimanche soir \u00e0 Paris apr\u00e8s la victoire du PSG.<\/li>\n<li class=\"jsx-862013697 ArticleChapo__List_Item flex\">Au total, 570 personnes ont \u00e9t\u00e9 interpell\u00e9es dans la capitale.<\/li>\n<li class=\"jsx-862013697 ArticleChapo__List_Item flex\">4 d&rsquo;entre elles ont \u00e9t\u00e9 jug\u00e9es et condamn\u00e9es lundi, 58 autres sont d\u00e9f\u00e9r\u00e9es ce mardi.<\/li>\n<\/ul>\n<p><a href=\"https:\/\/www.tf1info.fr\/actualite\/football-ligue-des-champions-2024-2025-une-nouvelle-ere-s-ouvre-psg-lille-monaco-brest-real-madrid-machester-city-13795\/\" rel=\"noopener\" class=\"jsx-484472199 Link jsx-1428418400 jsx-2089987738\" target=\"_blank\"><\/p>\n<p style=\"font-weight:400\" class=\"jsx-1837267516\">Suivez la couverture compl\u00e8te<\/p>\n<p style=\"font-weight:800\" class=\"jsx-1837267516\">Le PSG remporte sa premi\u00e8re Ligue des champions<\/p>\n<p><\/a><\/p>\n<p data-module=\"article-paragraph\" class=\"jsx-3046738180 Paragraph\">Des magasins pill\u00e9s, des v\u00e9hicules incendi\u00e9s, des barri\u00e8res et des v\u00e9los jet\u00e9s sur le p\u00e9riph\u00e9rique, des projectiles lanc\u00e9s en direction des forces de l&rsquo;ordre. Apr\u00e8s la <a href=\"https:\/\/www.tf1info.fr\/sport\/en-direct-psg-galatasaray-suivez-avec-nous-le-dernier-tour-de-piste-des-parisiens-en-ligue-des-champions-avant-les-8es-de-finale-2140123.html\" target=\"_blank\" rel=\"noopener\">victoire du PSG samedi soir face \u00e0 l&rsquo;Inter Milan en Ligue des champions<\/a>, de tr\u00e8s nombreux <a href=\"https:\/\/www.tf1info.fr\/justice-faits-divers\/video-sacre-du-psg-paris-rodeos-urbains-sur-le-peripherique-barrieres-jetees-de-nouveaux-incidents-cette-nuit-2374376.html\" target=\"_blank\" rel=\"noopener\">incidents et violences<\/a> ont \u00e9clat\u00e9 dans la capitale tout au long du week-end.\u00a0<\/p>\n<p data-module=\"article-paragraph\" class=\"jsx-3046738180 Paragraph Paragraph__End\">Au total, samedi 31 mai au soir et dimanche 1er juin au soir, <a href=\"https:\/\/www.tf1info.fr\/justice-faits-divers\/video-violences-debordements-apres-le-sacre-du-psg-quel-est-le-profil-des-casseurs-2374404.html\" target=\"_blank\" rel=\"noopener\">570 personnes ont \u00e9t\u00e9 interpell\u00e9es<\/a> dont une cinquantaine de mineurs \u00e2g\u00e9s de 15 ou 16 ans. Et les premi\u00e8res sanctions sont tomb\u00e9es lundi.<\/p>\n<p>De la prison avec sursis <\/p>\n<p data-module=\"article-paragraph\" class=\"jsx-3046738180 Paragraph\">Ainsi, selon les informations transmises ce mardi par le parquet de Paris, quatre personnes ont \u00e9t\u00e9 condamn\u00e9es en comparution imm\u00e9diate \u00e0 de la prison avec sursis pour \u00ab\u00a0violences sur des forces de l&rsquo;ordre\u00a0\u00bb, en l&rsquo;esp\u00e8ce des jets de tirs de mortiers.\u00a0<\/p>\n<p data-module=\"article-paragraph\" class=\"jsx-3046738180 Paragraph\">Ainsi, un homme de 22 ans, n\u00e9 en Seine-Saint-Denis, a \u00e9t\u00e9 condamn\u00e9 \u00e0 huit mois de prison avec sursis pour \u00ab\u00a0violences sur policier sans incapacit\u00e9\u00a0\u00bb. Un autre, \u00e2g\u00e9 de 20 ans et n\u00e9 \u00e0 Paris, a lui \u00e9t\u00e9 condamn\u00e9 \u2013 pour la m\u00eame infraction, mais aussi pour d\u00e9tention de produit incendiaire \u2013 \u00e0 trois mois de prison avec sursis, tandis qu&rsquo;un troisi\u00e8me homme, \u00e2g\u00e9 de 21 ans et n\u00e9 dans les Hauts-de-Seine, poursuivi pour violence sur un gendarme sans incapacit\u00e9, a \u00e9cop\u00e9 de deux mois de prison avec sursis. Tous les trois devront en outre payer 500 euros d&rsquo;amende chacun.<\/p>\n<p data-module=\"article-paragraph\" class=\"jsx-3046738180 Paragraph Paragraph__End\">Un quatri\u00e8me homme, \u00e2g\u00e9 de 23 ans et n\u00e9 en Tunisie, jug\u00e9 pour \u00ab\u00a0violences sur un policier sans incapacit\u00e9\u00a0\u00bb, a lui \u00e9t\u00e9 condamn\u00e9 \u00e0 huit mois d\u2019emprisonnement avec sursis, et l\u2019obligation d\u2019effectuer un stage de citoyennet\u00e9.<\/p>\n<p>58 personnes pr\u00e9sent\u00e9es \u00e0 la justice ce mardi<\/p>\n<p data-module=\"article-paragraph\" class=\"jsx-3046738180 Paragraph\">Ce mardi, 58 personnes \u00e9taient pr\u00e9sent\u00e9es \u00e0 la justice.\u00a0Un homme de 24 ans \u00e9tait jug\u00e9 pour violences sur policier sans incapacit\u00e9 de travail, en l&rsquo;esp\u00e8ce en lui jetant des pierres tout en ayant le visage dissimul\u00e9. Quatre hommes, \u00e2g\u00e9s de 18 \u00e0 20 ans, comparaissaient pour le \u00ab\u00a0vol par effraction en r\u00e9union\u00a0\u00bb d&rsquo;un magasin de v\u00eatements.<\/p>\n<p data-module=\"article-paragraph\" class=\"jsx-3046738180 Paragraph Paragraph__End\">Par ailleurs, un homme n\u00e9 en mai 2001 devait \u00eatre jug\u00e9 pour \u00ab\u00a0r\u00e9bellion\u00a0\u00bb et \u00ab\u00a0violence sur policier n\u2019ayant pas entra\u00een\u00e9 d\u2019incapacit\u00e9 de travail\u00a0\u00bb. Il lui est reproch\u00e9 d\u2019avoir ass\u00e9n\u00e9 un coup avec sa t\u00eate sur le visage de la victime, et de s\u2019\u00eatre oppos\u00e9 \u00e0 son interpellation en s\u2019agitant avec v\u00e9h\u00e9mence.\u00a0Un autre pr\u00e9venu de 19 ans devait r\u00e9pondre de \u00ab\u00a0violences sur policier\u00a0\u00bb, \u00e0 savoir deux coups de poing port\u00e9s au visage du fonctionnaire, et \u00ab\u00a0d\u00e9tention de produits incendiaires\u00a0\u00bb. Enfin, sept hommes de 20 \u00e0 35 ans \u00e9taient jug\u00e9s pour le pillage d&rsquo;un magasin de deux-roues. D&rsquo;autres encore doivent compara\u00eetre pour des faits plus ou moins similaires.<\/p>\n<p>Des condamnations \u00ab\u00a0plus \u00e0 la hauteur\u00a0\u00bb pour Darmanin<\/p>\n<p data-module=\"article-paragraph\" class=\"jsx-3046738180 Paragraph Paragraph__End\">Alors que le ministre de la Justice, G\u00e9rald Darmanin, a estim\u00e9 que les premi\u00e8res <a href=\"https:\/\/www.tf1info.fr\/politique\/violences-en-marge-du-sacre-du-psg-darmanin-milite-pour-la-suppression-du-sursis-2374635.html\" target=\"_blank\" rel=\"noopener\">condamnations cons\u00e9cutives \u00e0 ces violences n&rsquo;\u00e9taient \u00ab\u00a0plus \u00e0 la hauteur\u00a0\u00bb<\/a>, la porte-parole du parquet de Paris a pr\u00e9cis\u00e9 que chacun de ces quatre cas \u00ab\u00a0fera l\u2019objet d\u2019un r\u00e9examen &lsquo;\u00e0 froid&rsquo; pour \u00e9tudier l\u2019opportunit\u00e9 de faire appel ou non des d\u00e9cisions rendues par le tribunal\u00a0\u00bb.<\/p>\n<blockquote data-testid=\"EmbedTwitter\" id=\"tweet-1929774231052578879-:R4omij9n79m:\" class=\"jsx-aeff1a1c40f54d7a twitter-tweet flex justify-center items-center\"><p>\u00c0 la suite des graves incidents d\u2019ordre public et des d\u00e9sordres r\u00e9p\u00e9t\u00e9s de ce weekend, une partie des condamnations pour violences, notamment commises \u00e0 l\u2019encontre forces de l\u2019ordre et pour destructions de biens, ne sont plus \u00e0 la hauteur de la violence que conna\u00eet notre pays.\u2026 \u2014 G\u00e9rald DARMANIN (@GDarmanin)  June 3, 2025<\/p><\/blockquote>\n<p data-module=\"article-paragraph\" class=\"jsx-3046738180 Paragraph\">Selon le parquet, trois autres majeurs ont comparu en proc\u00e9dure de reconnaissance pr\u00e9alable de culpabilit\u00e9 tandis que cinq autres doivent \u00eatre jug\u00e9s lors d&rsquo;une audience ult\u00e9rieure. \u00ab\u00a0Une ouverture d&rsquo;information judiciaire est envisag\u00e9e pour les faits de vol par effraction en r\u00e9union commis au pr\u00e9judice des magasins Foot Locker et Marionnaud\u00a0\u00bb, a par ailleurs pr\u00e9cis\u00e9 le parquet.<\/p>\n<p data-module=\"article-paragraph\" class=\"jsx-3046738180 Paragraph\">S&rsquo;agissant de mineurs, au moins 14 conna\u00eetront des poursuites p\u00e9nales \u00e0 Paris, mais des dizaines de cas sont trait\u00e9s par d&rsquo;autres juridictions.<\/p>\n<p data-module=\"article-paragraph\" class=\"jsx-3046738180 Paragraph Paragraph__End\">Sur les 253 gardes \u00e0 vue g\u00e9r\u00e9es par le parquet de Paris, dont 15 mineurs, suite \u00e0 ces c\u00e9l\u00e9brations, 93 ont donn\u00e9 lieu \u00e0 un classement sans suite. 50 majeurs et 7 mineurs ont \u00e9t\u00e9 convoqu\u00e9s \u00e0 des audiences ult\u00e9rieures, tandis que 15 majeurs et 5 mineurs ont \u00e9t\u00e9 d\u00e9f\u00e9r\u00e9s le 2 juin pour des r\u00e9ponses p\u00e9nales imm\u00e9diates. Une dizaine de magistrats ont \u00e9t\u00e9 mobilis\u00e9s en renfort pour traiter l&rsquo;afflux de proc\u00e9dures.\u00a0<\/p>\n<p>A.S<\/p>\n","protected":false},"excerpt":{"rendered":"De violents incidents ont \u00e9clat\u00e9 samedi et dimanche soir \u00e0 Paris apr\u00e8s la victoire du PSG. Au total,&hellip;\n","protected":false},"author":2,"featured_media":149345,"comment_status":"","ping_status":"","sticky":false,"template":"","format":"standard","meta":{"footnotes":""},"categories":[1888],"tags":[1111,1928,11,1927,1921,1777,674,63,1011,27,432,1922,303,2954,27087,12,1926,626,1925,93,25,133,2953],"class_list":{"0":"post-149344","1":"post","2":"type-post","3":"status-publish","4":"format-standard","5":"has-post-thumbnail","7":"category-paris","8":"tag-actu","9":"tag-actu-paris","10":"tag-actualites","11":"tag-actualites-paris","12":"tag-article-video","13":"tag-eu","14":"tag-europe","15":"tag-football","16":"tag-fr","17":"tag-france","18":"tag-gerald-darmanin","19":"tag-info","20":"tag-justice","21":"tag-justice-et-faits-divers","22":"tag-le-psg-remporte-sa-premiere-ligue-des-champions","23":"tag-news","24":"tag-news-paris","25":"tag-paris","26":"tag-paris-news","27":"tag-psg","28":"tag-republique-francaise","29":"tag-video","30":"tag-video-police"},"share_on_mastodon":{"url":"https:\/\/pubeurope.com\/@fr\/114620388024079112","error":""},"_links":{"self":[{"href":"https:\/\/www.europesays.com\/fr\/wp-json\/wp\/v2\/posts\/149344","targetHints":{"allow":["GET"]}}],"collection":[{"href":"https:\/\/www.europesays.com\/fr\/wp-json\/wp\/v2\/posts"}],"about":[{"href":"https:\/\/www.europesays.com\/fr\/wp-json\/wp\/v2\/types\/post"}],"author":[{"embeddable":true,"href":"https:\/\/www.europesays.com\/fr\/wp-json\/wp\/v2\/users\/2"}],"replies":[{"embeddable":true,"href":"https:\/\/www.europesays.com\/fr\/wp-json\/wp\/v2\/comments?post=149344"}],"version-history":[{"count":0,"href":"https:\/\/www.europesays.com\/fr\/wp-json\/wp\/v2\/posts\/149344\/revisions"}],"wp:featuredmedia":[{"embeddable":true,"href":"https:\/\/www.europesays.com\/fr\/wp-json\/wp\/v2\/media\/149345"}],"wp:attachment":[{"href":"https:\/\/www.europesays.com\/fr\/wp-json\/wp\/v2\/media?parent=149344"}],"wp:term":[{"taxonomy":"category","embeddable":true,"href":"https:\/\/www.europesays.com\/fr\/wp-json\/wp\/v2\/categories?post=149344"},{"taxonomy":"post_tag","embeddable":true,"href":"https:\/\/www.europesays.com\/fr\/wp-json\/wp\/v2\/tags?post=149344"}],"curies":[{"name":"wp","href":"https:\/\/api.w.org\/{rel}","templated":true}]}}