{"id":149354,"date":"2025-06-03T16:35:10","date_gmt":"2025-06-03T16:35:10","guid":{"rendered":"https:\/\/www.europesays.com\/fr\/149354\/"},"modified":"2025-06-03T16:35:10","modified_gmt":"2025-06-03T16:35:10","slug":"guerre-en-ukraine-kyiv-revendique-une-nouvelle-attaque-sur-le-pont-de-crimee","status":"publish","type":"post","link":"https:\/\/www.europesays.com\/fr\/149354\/","title":{"rendered":"Guerre en Ukraine : Kyiv revendique une nouvelle attaque sur le pont de Crim\u00e9e"},"content":{"rendered":"<p>\n                                            Par\u00a0<b>euronews<\/b><\/p>\n<p>\n         Publi\u00e9 le<br \/>\n            03\/06\/2025 &#8211; 18:20 UTC+2<\/p>\n<p><img decoding=\"async\" class=\"c-ad__placeholder__logo\" src=\"https:\/\/www.europesays.com\/fr\/wp-content\/uploads\/2025\/03\/logo-euronews-grey-6-180x22.svg.svg+xml\" width=\"180\" height=\"22\" alt=\"\" loading=\"lazy\"\/>PUBLICIT\u00c9<\/p>\n<p>L&rsquo;Ukraine a attaqu\u00e9 le pont de Kertch en Crim\u00e9e, une infrastructure construite par Moscou apr\u00e8s l&rsquo;annexion de la p\u00e9ninsule ukrainienne en 2014.<\/p>\n<p>Les services de s\u00e9curit\u00e9 ukrainiens ont publi\u00e9 mardi la vid\u00e9o de l&rsquo;attaque sur le r\u00e9seau social X. <\/p>\n<p>\u00ab\u00a0L&rsquo;op\u00e9ration a dur\u00e9 plusieurs mois. Les agents des SBU ont min\u00e9 les supports de cette construction ill\u00e9gale\u00a0\u00bb, a d\u00e9clar\u00e9 l&rsquo;arm\u00e9e ukrainienne , ajoutant que \u00ab\u00a0le premier explosif a \u00e9t\u00e9 activ\u00e9 \u00e0 4h44 du matin\u00a0\u00bb et qu&rsquo;aucune victime civile n&rsquo;est \u00e0 d\u00e9plorer\u00a0\u00bb.<\/p>\n<p>Troisi\u00e8me attaque ukrainienne contre l&rsquo;infrastructure<\/p>\n<p>Kyiv a pr\u00e9cis\u00e9 que les supports sous-marins du pont ont \u00e9t\u00e9 gravement endommag\u00e9s par la d\u00e9tonation de 1 100 kilogrammes d&rsquo;explosifs en \u00e9quivalent TNT. L&rsquo;ampleur des destructions reste \u00e0 \u00e9tablir mais des photos et des vid\u00e9os sugg\u00e8rent que l&rsquo;un des quatre voies automobiles serait impraticable.<\/p>\n<p>Le pont de Kertch relie la Russie \u00e0 la p\u00e9ninsule ukrainienne et constitue donc une voie d&rsquo;approvisionnement et de transport essentielle pour les forces russes dans les territoires ukrainiens occup\u00e9s, en particulier dans le sud de l&rsquo;Ukraine.<\/p>\n<p>L&rsquo;arm\u00e9e ukrainienne a d\u00e9j\u00e0 frapp\u00e9 le pont \u00e0 deux reprises, en octobre 2022 et en juillet 2023, l&rsquo;endommageant gravement mais ne le d\u00e9truisant pas, puisqu&rsquo;il est rest\u00e9 op\u00e9rationnel.<\/p>\n","protected":false},"excerpt":{"rendered":"Par\u00a0euronews Publi\u00e9 le 03\/06\/2025 &#8211; 18:20 UTC+2 PUBLICIT\u00c9 L&rsquo;Ukraine a attaqu\u00e9 le pont de Kertch en Crim\u00e9e, une&hellip;\n","protected":false},"author":2,"featured_media":149355,"comment_status":"","ping_status":"","sticky":false,"template":"","format":"standard","meta":{"footnotes":""},"categories":[1590],"tags":[11,13469,1777,674,1922,2025,12,220],"class_list":{"0":"post-149354","1":"post","2":"type-post","3":"status-publish","4":"format-standard","5":"has-post-thumbnail","7":"category-ukraine","8":"tag-actualites","9":"tag-crimee","10":"tag-eu","11":"tag-europe","12":"tag-info","13":"tag-invasion-de-la-russie-en-ukraine","14":"tag-news","15":"tag-ukraine"},"share_on_mastodon":{"url":"https:\/\/pubeurope.com\/@fr\/114620407708427748","error":""},"_links":{"self":[{"href":"https:\/\/www.europesays.com\/fr\/wp-json\/wp\/v2\/posts\/149354","targetHints":{"allow":["GET"]}}],"collection":[{"href":"https:\/\/www.europesays.com\/fr\/wp-json\/wp\/v2\/posts"}],"about":[{"href":"https:\/\/www.europesays.com\/fr\/wp-json\/wp\/v2\/types\/post"}],"author":[{"embeddable":true,"href":"https:\/\/www.europesays.com\/fr\/wp-json\/wp\/v2\/users\/2"}],"replies":[{"embeddable":true,"href":"https:\/\/www.europesays.com\/fr\/wp-json\/wp\/v2\/comments?post=149354"}],"version-history":[{"count":0,"href":"https:\/\/www.europesays.com\/fr\/wp-json\/wp\/v2\/posts\/149354\/revisions"}],"wp:featuredmedia":[{"embeddable":true,"href":"https:\/\/www.europesays.com\/fr\/wp-json\/wp\/v2\/media\/149355"}],"wp:attachment":[{"href":"https:\/\/www.europesays.com\/fr\/wp-json\/wp\/v2\/media?parent=149354"}],"wp:term":[{"taxonomy":"category","embeddable":true,"href":"https:\/\/www.europesays.com\/fr\/wp-json\/wp\/v2\/categories?post=149354"},{"taxonomy":"post_tag","embeddable":true,"href":"https:\/\/www.europesays.com\/fr\/wp-json\/wp\/v2\/tags?post=149354"}],"curies":[{"name":"wp","href":"https:\/\/api.w.org\/{rel}","templated":true}]}}