{"id":149361,"date":"2025-06-03T16:39:09","date_gmt":"2025-06-03T16:39:09","guid":{"rendered":"https:\/\/www.europesays.com\/fr\/149361\/"},"modified":"2025-06-03T16:39:09","modified_gmt":"2025-06-03T16:39:09","slug":"leurope-finit-dans-le-vert-wall-street-tiree-par-la-tech","status":"publish","type":"post","link":"https:\/\/www.europesays.com\/fr\/149361\/","title":{"rendered":"L&rsquo;Europe finit dans le vert, Wall Street tir\u00e9e par la \u00ab\u00a0tech\u00a0\u00bb"},"content":{"rendered":"<p>PARIS (Reuters) &#8211;     Les Bourses europ\u00e9ennes ont termin\u00e9 en hausse mardi et Wall Street \u00e9tait \u00e9galement dans le vert \u00e0 mi-s\u00e9ance, soutenue par Nvidia et d&rsquo;autres fabricants de semi-conducteurs, malgr\u00e9 un contexte de prudence li\u00e9 \u00e0 l&rsquo;attente de nouveaux d\u00e9veloppements sur les droits de douane voulus par le pr\u00e9sident Donald Trump. <\/p>\n<p>\u00c0 Paris, le CAC 40 a fini sur un gain de 0,34% \u00e0 7.763,84 points. Le Footsie britannique a avanc\u00e9 de 0,15% et le Dax allemand a progress\u00e9 de 0,64%. <\/p>\n<p>L&rsquo;indice EuroStoxx 50 a gagn\u00e9 0,38%, le FTSEurofirst 300 0,15% et le Stoxx 600 0,09%.<\/p>\n<p>Au moment de la cl\u00f4ture en Europe, le Dow Jones avance de 0,34%, le Standard &amp; Poor&rsquo;s 500 de 0,49% et le Nasdaq de 0,79%. Les indices am\u00e9ricains sont tir\u00e9s par le compartiment technologique (+1,27%), avec notamment une hausse de 3% pour Nvidia et de 2,3% pour Broadcom, qui publiera ses r\u00e9sultats trimestriels jeudi.<\/p>\n<p>En Europe, la hausse a \u00e9galement \u00e9t\u00e9 soutenue par le compartiment technologique (+0,89%), ainsi que celui de l&rsquo;\u00e9nergie (+1,06%) et de l&rsquo;industrie (+0,84%). <\/p>\n<p>Les investisseurs restent cependant prudents comme en t\u00e9moigne la faiblesse des gains alors que selon un projet de lettre consult\u00e9 par Reuters, l&rsquo;administration de Donald Trump souhaite que les pays pr\u00e9sentent leur meilleure offre sur le commerce d&rsquo;ici mercredi.<\/p>\n<p>Un entretien entre le pr\u00e9sident am\u00e9ricain et son homologue Xi Jinping est en outre pr\u00e9vu cette semaine alors que l&rsquo;accord provisoire sur les droits de douane expire le mois prochain. <\/p>\n<p>\u00ab\u00a0Les march\u00e9s se n\u00e9gocient toujours avec un bon niveau d&rsquo;incertitude parce que (les investisseurs) ne sont pas s\u00fbrs de la mani\u00e8re dont les choses vont se d\u00e9rouler\u00a0\u00bb, explique Chris Zaccarelli, directeur des investissements chez Northlight Asset Management.<\/p>\n<p>\u00ab\u00a0Le fait de disposer d&rsquo;une date limite pour la meilleure offre finale et d&rsquo;un cadre pour aller de l&rsquo;avant devrait \u00eatre positif pour les march\u00e9s\u00a0\u00bb, a-t-il cependant ajout\u00e9. <\/p>\n<p>VALEURS EN EUROPE<\/p>\n<p>Elis a perdu 1,16% apr\u00e8s la cession par Bpifrance d&rsquo;une participation d&rsquo;environ 2,9% au capital du groupe de blanchisserie industrielle.<\/p>\n<p>UBS a avanc\u00e9 de 5,32% \u00e0 la faveur du rel\u00e8vement de la recommandation de Jefferies.<\/p>\n<p>Julius Baer a recul\u00e9 de 1,44%, la banque suisse ayant annonc\u00e9 de nouvelles mesures d&rsquo;\u00e9conomies d&rsquo;un montant de 130 millions de francs suisses d&rsquo;ici 2028.<\/p>\n<p>Le groupe d&rsquo;investissement immobilier Cofinimmo a gagn\u00e9 2,99% apr\u00e8s l&rsquo;annonce d&rsquo;une fusion avec Aedifica (+0,53%).<\/p>\n<p>LES INDICATEURS DU JOUR <\/p>\n<p>Le nombre d&rsquo;offres d&#8217;emplois aux Etats-Unis a augment\u00e9 en avril plus fortement que pr\u00e9vu, \u00e0 7,391 millions, montrent l&rsquo;enqu\u00eate Jolts du d\u00e9partement du Travail am\u00e9ricain.<\/p>\n<p>L&rsquo;inflation en zone euro a ralenti plus que pr\u00e9vu sur un an en mai, \u00e0 1,9%, montrent les donn\u00e9es pr\u00e9liminaires publi\u00e9es par Eurostat.  <\/p>\n<p>Le taux de ch\u00f4mage dans la zone euro a baiss\u00e9 sur un mois en avril, en ligne avec les attentes, \u00e0 6,2% de la population active, selon les donn\u00e9es d&rsquo;Eurostat.<\/p>\n<p>CHANGES<\/p>\n<p>Le dollar rebondit mardi d&rsquo;un creux de six semaines, prenant 0,50% face \u00e0 un panier de devises de r\u00e9f\u00e9rence, malgr\u00e9 la persistance des inqui\u00e9tudes sur les droits de douane. <\/p>\n<p>L&rsquo;euro recule de 0,61%, \u00e0 1,1370 dollar, en r\u00e9action aux chiffres de l&rsquo;inflation en zone euro qui confortent la perspective d&rsquo;une baisse des taux directeurs de la Banque centrale europ\u00e9enne (BCE) jeudi.  <\/p>\n<p>La livre sterling s&rsquo;\u00e9change \u00e0 1,3519 dollar (-0,18%).<\/p>\n<p>TAUX<\/p>\n<p>Le rendement des bons du Tr\u00e9sor am\u00e9ricain \u00e0 dix ans est stable, \u00e0 4,4656%. <\/p>\n<p>Celui du Bund allemand de m\u00eame \u00e9ch\u00e9ance a c\u00e9d\u00e9 environ deux points de base, \u00e0 2,505%.<\/p>\n<p>P\u00c9TROLE<\/p>\n<p>Le march\u00e9 p\u00e9trolier est soutenu par les tensions g\u00e9opolitiques : la Russie et l&rsquo;Ukraine intensifient leur conflit, tandis que l&rsquo;Iran s&rsquo;appr\u00eate \u00e0 rejeter une proposition am\u00e9ricaine d&rsquo;accord sur le nucl\u00e9aire.<\/p>\n<p>Le Brent progresse de 1,84% \u00e0 65,8 dollars le baril et le brut l\u00e9ger am\u00e9ricain (West Texas Intermediate, WTI) avance de 1,90% \u00e0 63,71 dollars. <\/p>\n<p> (R\u00e9dig\u00e9 par Claude Chendjou, \u00e9dit\u00e9 par Kate Entringer)<\/p>\n","protected":false},"excerpt":{"rendered":"PARIS (Reuters) &#8211; Les Bourses europ\u00e9ennes ont termin\u00e9 en hausse mardi et Wall Street \u00e9tait \u00e9galement dans le&hellip;\n","protected":false},"author":2,"featured_media":149362,"comment_status":"","ping_status":"","sticky":false,"template":"","format":"standard","meta":{"footnotes":""},"categories":[1586],"tags":[11,2125,1777,674,1011,27,2124,12,25],"class_list":{"0":"post-149361","1":"post","2":"type-post","3":"status-publish","4":"format-standard","5":"has-post-thumbnail","7":"category-europe","8":"tag-actualites","9":"tag-depeches-reuters","10":"tag-eu","11":"tag-europe","12":"tag-fr","13":"tag-france","14":"tag-infos-reuters","15":"tag-news","16":"tag-republique-francaise"},"share_on_mastodon":{"url":"https:\/\/pubeurope.com\/@fr\/114620423381800049","error":""},"_links":{"self":[{"href":"https:\/\/www.europesays.com\/fr\/wp-json\/wp\/v2\/posts\/149361","targetHints":{"allow":["GET"]}}],"collection":[{"href":"https:\/\/www.europesays.com\/fr\/wp-json\/wp\/v2\/posts"}],"about":[{"href":"https:\/\/www.europesays.com\/fr\/wp-json\/wp\/v2\/types\/post"}],"author":[{"embeddable":true,"href":"https:\/\/www.europesays.com\/fr\/wp-json\/wp\/v2\/users\/2"}],"replies":[{"embeddable":true,"href":"https:\/\/www.europesays.com\/fr\/wp-json\/wp\/v2\/comments?post=149361"}],"version-history":[{"count":0,"href":"https:\/\/www.europesays.com\/fr\/wp-json\/wp\/v2\/posts\/149361\/revisions"}],"wp:featuredmedia":[{"embeddable":true,"href":"https:\/\/www.europesays.com\/fr\/wp-json\/wp\/v2\/media\/149362"}],"wp:attachment":[{"href":"https:\/\/www.europesays.com\/fr\/wp-json\/wp\/v2\/media?parent=149361"}],"wp:term":[{"taxonomy":"category","embeddable":true,"href":"https:\/\/www.europesays.com\/fr\/wp-json\/wp\/v2\/categories?post=149361"},{"taxonomy":"post_tag","embeddable":true,"href":"https:\/\/www.europesays.com\/fr\/wp-json\/wp\/v2\/tags?post=149361"}],"curies":[{"name":"wp","href":"https:\/\/api.w.org\/{rel}","templated":true}]}}