{"id":149369,"date":"2025-06-03T16:43:12","date_gmt":"2025-06-03T16:43:12","guid":{"rendered":"https:\/\/www.europesays.com\/fr\/149369\/"},"modified":"2025-06-03T16:43:12","modified_gmt":"2025-06-03T16:43:12","slug":"declassee-la-france-va-devoir-faire-des-choix-pour-redevenir-une-grande-puissance-spatiale","status":"publish","type":"post","link":"https:\/\/www.europesays.com\/fr\/149369\/","title":{"rendered":"D\u00e9class\u00e9e, la France va devoir faire des choix pour redevenir une grande puissance spatiale"},"content":{"rendered":"<p><strong>EXCLUSIF &#8211; <\/strong>Dans une note sans concession, l\u2019Institut Montaigne pointe les nombreux trous dans la raquette du spatial fran\u00e7ais et europ\u00e9en. Et appelle \u00e0 un sursaut strat\u00e9gique.<\/p>\n<p class=\"fig-paragraph\">Quelle nouvelle strat\u00e9gie spatiale pour la France\u00a0? Dans deux semaines, Emmanuel Macron doit d\u00e9voiler, dans le cadre du\u00a0<a href=\"https:\/\/www.lefigaro.fr\/societes\/salon-du-bourget-la-vitalite-retrouvee-de-l-aeronautique-20230622\" target=\"_blank\" data-fig-type=\"Article\" rel=\"noopener\" data-gtm-custom-categorie=\"navigation\" data-gtm-custom-action=\"crossclick\" data-gtm-custom-label=\"Contextuel\" data-gtm-event=\"customEventSPE\" data-fig-domain=\"LEFIGARO\">salon a\u00e9ronautique du Bourget<\/a>\u00a0(16\u00a0au 22\u00a0juin), \u00e0 c\u00f4t\u00e9 de Paris, les priorit\u00e9s du pays. L\u2019exercice, le premier depuis quatorze ans, doit \u00eatre l\u2019occasion \u00ab\u00a0d\u2019un r\u00e9veil de la puissance spatiale fran\u00e7aise\u00a0\u00bb, selon une note de l\u2019Institut Montaigne, assortie de recommandations, publi\u00e9 ce mercredi.<\/p>\n<p class=\"fig-paragraph\">Cette mise \u00e0 jour intervient au moment o\u00f9 la fili\u00e8re spatiale tricolore est sous pression, apr\u00e8s avoir perdu sa pr\u00e9\u00e9minence dans les lancements, avoir rat\u00e9 le virage des fus\u00e9es r\u00e9utilisables et des constellations. La\u00a0<a href=\"http:\/\/www.lefigaro.fr\/international\/dossier\/tensions-entre-la-russie-et-l-ukraine-tout-comprendre-a-la-menace-d-une-invasion-russe\" target=\"_blank\" data-fig-type=\"Topic\" rel=\"noopener\" data-gtm-custom-categorie=\"navigation\" data-gtm-custom-action=\"crossclick\" data-gtm-custom-label=\"Contextuel\" data-gtm-event=\"customEventSPE\" data-fig-domain=\"LEFIGARO\">guerre d\u2019agression de la Russie en Ukraine<\/a>\u00a0a jet\u00e9 une lumi\u00e8re crue sur les d\u00e9pendances fran\u00e7aises (et europ\u00e9ennes) aux moyens am\u00e9ricains, en mati\u00e8re de renseignement et de connectivit\u00e9. Lorsque les\u00a0<a href=\"http:\/\/www.lefigaro.fr\/international\/pourquoi-la-suspension-americaine-du-partage-du-renseignement-a-l-ukraine-ebranle-l-espionnage-mondial-20250310\" target=\"_blank\" data-fig-type=\"Article\" rel=\"noopener\" data-gtm-custom-categorie=\"navigation\" data-gtm-custom-action=\"crossclick\" data-gtm-custom-label=\"Contextuel\" data-gtm-event=\"customEventSPE\" data-fig-domain=\"LEFIGARO\">\u00c9tats-Unis ont coup\u00e9 le partage d\u2019informations avec Kiev<\/a>\u00a0et\u00a0<a href=\"https:\/\/www.lefigaro.fr\/international\/guerre-en-ukraine-la-france-propose-une-nouvelle-aide-militaire-de-195-millions-d-euros-grace-aux-avoirs-geles-russes-20250309\" target=\"_blank\" data-fig-type=\"Live\" rel=\"noopener\" data-gtm-custom-categorie=\"navigation\" data-gtm-custom-action=\"crossclick\" data-gtm-custom-label=\"Contextuel\" data-gtm-event=\"customEventSPE\" data-fig-domain=\"LEFIGARO\">SpaceX l\u2019acc\u00e8s \u00e0 Starlink<\/a>, ni la France, ni l\u2019Union europ\u00e9enne n\u2019ont \u00e9t\u00e9 capables de prendre le relais. Elles\u2026<\/p>\n<p class=\"fig-premium-paywall__infos\">\n        Cet article est r\u00e9serv\u00e9 aux abonn\u00e9s.        Il vous reste 88% \u00e0 d\u00e9couvrir.\n    <\/p>\n<p>                <img  data- alt=\"Le Figaro\" class=\"fig-img--complete fig-img\"\/><\/p>\n<p class=\"fig-premium-paywall__title\">Vente Flash<\/p>\n<p class=\"fig-premium-paywall__subtitle\">4,99\u20ac par mois pendant 12 mois. Sans engagement.<\/p>\n<p class=\"fig-premium-paywall__connect\">\n                D\u00e9j\u00e0 abonn\u00e9\u00a0?                <a class=\"fig-premium-paywall__connect-link\" href=\"https:\/\/connect.lefigaro.fr\/login?client=horizon_web&amp;type=main&amp;redirect_uri=https%3A%2F%2Fwww.lefigaro.fr%2Fsocietes%2Fdeclassee-la-france-va-devoir-faire-des-choix-pour-redevenir-une-grande-puissance-spatiale-20250603\" data-js-gtm=\"{&quot;customCategorie&quot;: &quot;conversion&quot;, &quot;customAction&quot;: &quot;before_Landing_Connexion_paywall_auto&quot;, &quot;customLabel&quot;: &quot;bGVmaWdhcm8uZnJfXzFmMDNmMGU5LTdiNDgtNmE4MC04NDlkLWQzNDJmNTkzYjgzOV9fTmV3c0ZsYXNo_D\u00e9class\u00e9e, la France va devoir faire des choix pour redevenir une grande puissance spatiale_583&quot;, &quot;customIDSPE&quot;: &quot;bGVmaWdhcm8uZnJfXzFmMDNmMGU5LTdiNDgtNmE4MC04NDlkLWQzNDJmNTkzYjgzOV9fTmV3c0ZsYXNo&quot;, &quot;event&quot;: &quot;customEventSPE&quot;}\" target=\"_blank\" rel=\"noopener\"><br \/>\n                    Connectez-vous<br \/>\n                <\/a>\n            <\/p>\n","protected":false},"excerpt":{"rendered":"EXCLUSIF &#8211; Dans une note sans concession, l\u2019Institut Montaigne pointe les nombreux trous dans la raquette du spatial&hellip;\n","protected":false},"author":2,"featured_media":149370,"comment_status":"","ping_status":"","sticky":false,"template":"","format":"standard","meta":{"footnotes":""},"categories":[4],"tags":[631,627,630,11,6445,340,398,343,5744,634,405,629,554,636,632,638,1011,27,637,399,639,635,12,25,401,628,671,633,407],"class_list":{"0":"post-149369","1":"post","2":"type-post","3":"status-publish","4":"format-standard","5":"has-post-thumbnail","7":"category-france","8":"tag-action","9":"tag-actions-francaise","10":"tag-actualite-bourse","11":"tag-actualites","12":"tag-ariane-6","13":"tag-bourse","14":"tag-bourse-de-paris","15":"tag-cac-40","16":"tag-constellation","17":"tag-cotation","18":"tag-cotations","19":"tag-cours-des-societes-francaises","20":"tag-defense","21":"tag-devises","22":"tag-fcp","23":"tag-figaro","24":"tag-fr","25":"tag-france","26":"tag-indices","27":"tag-investissement","28":"tag-le-figaro","29":"tag-marches","30":"tag-news","31":"tag-republique-francaise","32":"tag-sicav","33":"tag-societes-etrangeres","34":"tag-spatial","35":"tag-warrant","36":"tag-warrants"},"share_on_mastodon":{"url":"https:\/\/pubeurope.com\/@fr\/114620439289684473","error":""},"_links":{"self":[{"href":"https:\/\/www.europesays.com\/fr\/wp-json\/wp\/v2\/posts\/149369","targetHints":{"allow":["GET"]}}],"collection":[{"href":"https:\/\/www.europesays.com\/fr\/wp-json\/wp\/v2\/posts"}],"about":[{"href":"https:\/\/www.europesays.com\/fr\/wp-json\/wp\/v2\/types\/post"}],"author":[{"embeddable":true,"href":"https:\/\/www.europesays.com\/fr\/wp-json\/wp\/v2\/users\/2"}],"replies":[{"embeddable":true,"href":"https:\/\/www.europesays.com\/fr\/wp-json\/wp\/v2\/comments?post=149369"}],"version-history":[{"count":0,"href":"https:\/\/www.europesays.com\/fr\/wp-json\/wp\/v2\/posts\/149369\/revisions"}],"wp:featuredmedia":[{"embeddable":true,"href":"https:\/\/www.europesays.com\/fr\/wp-json\/wp\/v2\/media\/149370"}],"wp:attachment":[{"href":"https:\/\/www.europesays.com\/fr\/wp-json\/wp\/v2\/media?parent=149369"}],"wp:term":[{"taxonomy":"category","embeddable":true,"href":"https:\/\/www.europesays.com\/fr\/wp-json\/wp\/v2\/categories?post=149369"},{"taxonomy":"post_tag","embeddable":true,"href":"https:\/\/www.europesays.com\/fr\/wp-json\/wp\/v2\/tags?post=149369"}],"curies":[{"name":"wp","href":"https:\/\/api.w.org\/{rel}","templated":true}]}}