{"id":149391,"date":"2025-06-03T16:56:10","date_gmt":"2025-06-03T16:56:10","guid":{"rendered":"https:\/\/www.europesays.com\/fr\/149391\/"},"modified":"2025-06-03T16:56:10","modified_gmt":"2025-06-03T16:56:10","slug":"les-feux-de-lamour-resume-de-lepisode-du-3-juin-2025-tva-resume-et-reactions","status":"publish","type":"post","link":"https:\/\/www.europesays.com\/fr\/149391\/","title":{"rendered":"Les Feux de l&rsquo;Amour: R\u00e9sum\u00e9 de l&rsquo;\u00e9pisode du 3 juin 2025 (Tva) | R\u00e9sum\u00e9 et r\u00e9actions"},"content":{"rendered":"<p><a href=\"https:\/\/www.soap-passion.com\/les-feux-de-l-amour\/personnage\/64-billy.html\" target=\"_blank\" rel=\"noopener\">Billy<\/a> arrive joyeusement chez Brash &amp; Sassy. Il trouve que <a href=\"https:\/\/www.soap-passion.com\/les-feux-de-l-amour\/personnage\/1-victoria.html\" target=\"_blank\" rel=\"noopener\">Victoria<\/a> est bien matinale et esp\u00e8re qu&rsquo;elle a quand m\u00eame dormi un peu. Il est surpris lorsqu&rsquo;elle lui annonce qu&rsquo;elle a d\u00e9cid\u00e9 finalement de ne pas faire aller l&rsquo;histoire de <a href=\"https:\/\/www.soap-passion.com\/les-feux-de-l-amour\/personnage\/1605-juliet.html\" target=\"_blank\" rel=\"noopener\">Juliet<\/a> au tribunal. Il ce demande alors ce qui a pu lui faire changer d&rsquo;avis si radicalement et si rapidement.<\/p>\n<p>Chez eux, <a href=\"https:\/\/www.soap-passion.com\/les-feux-de-l-amour\/personnage\/70-lily.html\" target=\"_blank\" rel=\"noopener\">Lily<\/a> et <a href=\"https:\/\/www.soap-passion.com\/les-feux-de-l-amour\/personnage\/568-cane.html\" target=\"_blank\" rel=\"noopener\">Cane<\/a> r\u00e9ussissent \u00e0 rester cordiaux en parlant des enfants et de leurs petits probl\u00e8mes. <a href=\"https:\/\/www.soap-passion.com\/les-feux-de-l-amour\/personnage\/70-lily.html\" target=\"_blank\" rel=\"noopener\">Lily<\/a> veut que <a href=\"https:\/\/www.soap-passion.com\/les-feux-de-l-amour\/personnage\/922-charlie.html\" target=\"_blank\" rel=\"noopener\">Charlie<\/a> apprenne que ses actes ont des cons\u00e9quences. Ils savent qu&rsquo;ils n\u2019arr\u00eateront pas d&rsquo;\u00eatre des parents malgr\u00e9 leurs probl\u00e8mes. <a href=\"https:\/\/www.soap-passion.com\/les-feux-de-l-amour\/personnage\/70-lily.html\" target=\"_blank\" rel=\"noopener\">Lily<\/a> ajoute qu&rsquo;ils ne peuvent d&rsquo;ailleurs pas se permettre plus de probl\u00e8mes \u00e0 cause de Juliet&#8230;<\/p>\n<p><a href=\"https:\/\/www.soap-passion.com\/les-feux-de-l-amour\/personnage\/1238-hilary.html\" target=\"_blank\" rel=\"noopener\">Hilary<\/a> se r\u00e9veille doucement dans son lit avec <a href=\"https:\/\/www.soap-passion.com\/les-feux-de-l-amour\/personnage\/1597-jordan.html\" target=\"_blank\" rel=\"noopener\">Jordan<\/a>. Elle r\u00e9veille accidentellement &#8230;<\/p>\n<p>    R\u00e9serv\u00e9 aux abonn\u00e9s !<br \/>\n    &#8230; Il vous reste 93% de ce texte \u00e0 lire.<br \/>\n    <br \/>Soutenez Soap-Passion,  <a href=\"https:\/\/www.soap-passion.com\/login\" target=\"_blank\" rel=\"noopener\">abonnez-vous<\/a> pour lire la suite !<\/p>\n<p class=\"text-center fst-italic m-5 pb-5\">Chaque jour au Qu\u00e9bec, d\u00e9couvrez un nouvel \u00e9pisode de \u00ab\u00a0Les Feux de l&rsquo;Amour\u00a0\u00bb\u00e0 15:30 sur la cha\u00eene TVA<\/p>\n<p>\u00a9 Soap-Passion.com &#8211; Reproduction compl\u00e8te ou partielle interdite <\/p>\n","protected":false},"excerpt":{"rendered":"Billy arrive joyeusement chez Brash &amp; Sassy. Il trouve que Victoria est bien matinale et esp\u00e8re qu&rsquo;elle a&hellip;\n","protected":false},"author":2,"featured_media":149392,"comment_status":"","ping_status":"","sticky":false,"template":"","format":"standard","meta":{"footnotes":""},"categories":[1356],"tags":[58,59,1011,27,1375,252,1364],"class_list":{"0":"post-149391","1":"post","2":"type-post","3":"status-publish","4":"format-standard","5":"has-post-thumbnail","7":"category-television","8":"tag-divertissement","9":"tag-entertainment","10":"tag-fr","11":"tag-france","12":"tag-les-feux-de-l","13":"tag-television","14":"tag-tv"},"share_on_mastodon":{"url":"https:\/\/pubeurope.com\/@fr\/114620490316765426","error":""},"_links":{"self":[{"href":"https:\/\/www.europesays.com\/fr\/wp-json\/wp\/v2\/posts\/149391","targetHints":{"allow":["GET"]}}],"collection":[{"href":"https:\/\/www.europesays.com\/fr\/wp-json\/wp\/v2\/posts"}],"about":[{"href":"https:\/\/www.europesays.com\/fr\/wp-json\/wp\/v2\/types\/post"}],"author":[{"embeddable":true,"href":"https:\/\/www.europesays.com\/fr\/wp-json\/wp\/v2\/users\/2"}],"replies":[{"embeddable":true,"href":"https:\/\/www.europesays.com\/fr\/wp-json\/wp\/v2\/comments?post=149391"}],"version-history":[{"count":0,"href":"https:\/\/www.europesays.com\/fr\/wp-json\/wp\/v2\/posts\/149391\/revisions"}],"wp:featuredmedia":[{"embeddable":true,"href":"https:\/\/www.europesays.com\/fr\/wp-json\/wp\/v2\/media\/149392"}],"wp:attachment":[{"href":"https:\/\/www.europesays.com\/fr\/wp-json\/wp\/v2\/media?parent=149391"}],"wp:term":[{"taxonomy":"category","embeddable":true,"href":"https:\/\/www.europesays.com\/fr\/wp-json\/wp\/v2\/categories?post=149391"},{"taxonomy":"post_tag","embeddable":true,"href":"https:\/\/www.europesays.com\/fr\/wp-json\/wp\/v2\/tags?post=149391"}],"curies":[{"name":"wp","href":"https:\/\/api.w.org\/{rel}","templated":true}]}}