{"id":149393,"date":"2025-06-03T16:57:10","date_gmt":"2025-06-03T16:57:10","guid":{"rendered":"https:\/\/www.europesays.com\/fr\/149393\/"},"modified":"2025-06-03T16:57:10","modified_gmt":"2025-06-03T16:57:10","slug":"florent-pagny-a-refuse-une-tournee-des-stades-voici-pourquoi","status":"publish","type":"post","link":"https:\/\/www.europesays.com\/fr\/149393\/","title":{"rendered":"Florent Pagny a refus\u00e9 une tourn\u00e9e des stades\u00a0: voici pourquoi"},"content":{"rendered":"<p class=\"ap-StoryElement ap-StoryElement--mb ap-StoryText\">Le premier single extrait de ce nouvel opus est sorti le mois dernier.<a href=\"https:\/\/www.dhnet.be\/medias\/musique\/2025\/05\/02\/taimer-encore-florent-pagny-fait-son-grand-retour-en-musique-avec-un-titre-inedit-3ATG4K2NPFBT5DSC7JAFDKQABE\/\" target=\"_blank\" rel=\"noopener\"> Il s&rsquo;appelle \u00ab\u00a0T&rsquo;aimer encore\u00a0\u00bb. Il est sign\u00e9 par Vianney.<\/a><\/p>\n<p class=\"ap-StoryElement ap-StoryElement--mb ap-StoryText\">Qui dit sortie d&rsquo;album dit g\u00e9n\u00e9ralement tourn\u00e9e. C&rsquo;est exactement ce que Florent Pagny a pr\u00e9vu. Il sera sur la route \u00e0 partir du mois de janvier 2026. Plus de soixante dates sont annonc\u00e9es, dont <a href=\"https:\/\/www.vorst-nationaal.be\/fr\/evenement\/florent-pagny-98fea17f\" target=\"_blank\" rel=\"noopener\">quatre \u00e0 Forest National (les 9,10, 12 et 13 juin)<\/a>, et vingt dans la seule salle de l&rsquo;Olympia \u00e0 Paris, un endroit qu&rsquo;affectionne particuli\u00e8rement le chanteur. \u00ab\u00a0Je ne suis pas un chanteur parisien mais la salle qui me convient le plus, c&rsquo;est l&rsquo;Olympia. Ce sera plus intime. Je ne pourrai pas proposer le m\u00eame spectacle qu&rsquo;au Z\u00e9nith, c&rsquo;est s\u00fbr. Mais on fera autre chose. La premi\u00e8re fois, j&rsquo;avais fait dix-huit Olympia. L\u00e0, presque trente. Je ne sais pas dans quel \u00e9tat je vais \u00eatre !\u00a0\u00bb, a-t-il confi\u00e9 \u00e0 Nous deux.<\/p>\n<p><a href=\"https:\/\/www.dhnet.be\/medias\/musique\/2024\/12\/10\/florent-pagny-lhomme-qui-ne-se-laisse-jamais-abattre-et-qui-reviendra-en-belgique-en-2026-XGOYFHDDIJAHBIAAQ4J5CKWRWI\/\" target=\"_blank\" rel=\"noopener noreferrer\" class=\"ap-StoryInterstitialLink ap-StoryElement ap-StoryElement--mb\">Florent Pagny, l&rsquo;homme qui ne se laisse jamais abattre et qui reviendra en Belgique en 2026!<\/a>Non \u00e0 une tourn\u00e9e des stades<\/p>\n<p class=\"ap-StoryElement ap-StoryElement--mb ap-StoryText\">\u00c0 l&rsquo;origine cependant, c&rsquo;est une tout autre id\u00e9e qui avait germ\u00e9 en lui : une tourn\u00e9e des stades dans les grandes villes. Et ce afin de limiter le nombre de dates \u00e0 donner tout en satisfaisant un maximum de public. Mais Florent Pagny a vite renonc\u00e9 \u00e0 ce projet pour deux raisons des plus louables : \u00ab\u00a0\u00e7a co\u00fbte tellement cher que les prix des billets auraient \u00e9t\u00e9 trop hauts. Et puis comme les gens auraient d\u00fb rester debout, je me suis dit non. Mon public est comme moi, il aime s&rsquo;asseoir un peu\u00a0\u00bb.<\/p>\n<p><a href=\"https:\/\/www.dhnet.be\/lifestyle\/2023\/01\/02\/les-larmes-de-florent-pagny-face-a-sa-propre-histoire-WSBIN2GIWNGLHJ2NJXTUW4M7R4\/\" target=\"_blank\" rel=\"noopener noreferrer\" class=\"ap-StoryInterstitialLink ap-StoryElement ap-StoryElement--mb\">Les larmes de Florent Pagny face \u00e0 sa propre histoire<\/a><\/p>\n<p class=\"ap-StoryElement ap-StoryElement--mb ap-StoryText\">S&rsquo;il a donn\u00e9 son accord pour cette grosse tourn\u00e9e pour ses 65 ans, c&rsquo;est que sa sant\u00e9 le permet, a-t-il expliqu\u00e9. \u00ab\u00a0Sinon, je ne serais pas l\u00e0\u00a0\u00bb. Il n&#8217;emp\u00eache qu&rsquo;il reste sous surveillance renforc\u00e9e. \u00ab\u00a0Comme tous les gens qui ont la m\u00eame merde que moi, quelle qu&rsquo;elle soit, le savent, vous \u00eates suivi pendant des ann\u00e9es. Je ne suis pas fataliste, je suis lucide. Tous les trois mois, il faut que je fasse des scanners, des trucs. C&rsquo;est comme \u00e7a pour tout le monde.\u00a0\u00bb<\/p>\n<p><a href=\"https:\/\/www.dhnet.be\/medias\/musique\/2024\/07\/26\/florent-pagny-evoque-la-rechute-de-son-cancer-jai-un-point-au-milieu-de-ma-vue-il-faut-faire-gaffe-U5I6Z6Q6GNBRNIPDQT7HUQ6V4I\/\" target=\"_blank\" rel=\"noopener noreferrer\" class=\"ap-StoryInterstitialLink ap-StoryElement ap-StoryElement--mb\">Florent Pagny \u00e9voque la rechute de son cancer: \u00ab\u00a0J&rsquo;ai un point au milieu de ma vue, il faut faire gaffe\u00a0\u00bb<\/a><\/p>\n","protected":false},"excerpt":{"rendered":"Le premier single extrait de ce nouvel opus est sorti le mois dernier. Il s&rsquo;appelle \u00ab\u00a0T&rsquo;aimer encore\u00a0\u00bb. Il&hellip;\n","protected":false},"author":2,"featured_media":149394,"comment_status":"","ping_status":"","sticky":false,"template":"","format":"standard","meta":{"footnotes":""},"categories":[1355],"tags":[58,59,18038,1011,27,1361,873],"class_list":{"0":"post-149393","1":"post","2":"type-post","3":"status-publish","4":"format-standard","5":"has-post-thumbnail","7":"category-musique","8":"tag-divertissement","9":"tag-entertainment","10":"tag-forest","11":"tag-fr","12":"tag-france","13":"tag-music","14":"tag-musique"},"share_on_mastodon":{"url":"https:\/\/pubeurope.com\/@fr\/114620494253683976","error":""},"_links":{"self":[{"href":"https:\/\/www.europesays.com\/fr\/wp-json\/wp\/v2\/posts\/149393","targetHints":{"allow":["GET"]}}],"collection":[{"href":"https:\/\/www.europesays.com\/fr\/wp-json\/wp\/v2\/posts"}],"about":[{"href":"https:\/\/www.europesays.com\/fr\/wp-json\/wp\/v2\/types\/post"}],"author":[{"embeddable":true,"href":"https:\/\/www.europesays.com\/fr\/wp-json\/wp\/v2\/users\/2"}],"replies":[{"embeddable":true,"href":"https:\/\/www.europesays.com\/fr\/wp-json\/wp\/v2\/comments?post=149393"}],"version-history":[{"count":0,"href":"https:\/\/www.europesays.com\/fr\/wp-json\/wp\/v2\/posts\/149393\/revisions"}],"wp:featuredmedia":[{"embeddable":true,"href":"https:\/\/www.europesays.com\/fr\/wp-json\/wp\/v2\/media\/149394"}],"wp:attachment":[{"href":"https:\/\/www.europesays.com\/fr\/wp-json\/wp\/v2\/media?parent=149393"}],"wp:term":[{"taxonomy":"category","embeddable":true,"href":"https:\/\/www.europesays.com\/fr\/wp-json\/wp\/v2\/categories?post=149393"},{"taxonomy":"post_tag","embeddable":true,"href":"https:\/\/www.europesays.com\/fr\/wp-json\/wp\/v2\/tags?post=149393"}],"curies":[{"name":"wp","href":"https:\/\/api.w.org\/{rel}","templated":true}]}}