{"id":149417,"date":"2025-06-03T17:09:22","date_gmt":"2025-06-03T17:09:22","guid":{"rendered":"https:\/\/www.europesays.com\/fr\/149417\/"},"modified":"2025-06-03T17:09:22","modified_gmt":"2025-06-03T17:09:22","slug":"rencontre-et-dedicaces-avec-katia-astafieff","status":"publish","type":"post","link":"https:\/\/www.europesays.com\/fr\/149417\/","title":{"rendered":"Rencontre et d\u00e9dicaces avec Katia Astafieff"},"content":{"rendered":"<p>Passionn\u00e9e de plantes, de voyage et d\u2019\u00e9criture, la directrice adjointe des jardins botaniques du Grand Nancy et auteur, Katia Astafieff se lance dans ce nouvel opus sur les traces de Victor Jacquemont, un botaniste fran\u00e7ais qui aurait pu devenir vice-roi du Cachemire. Rencontre et s\u00e9ance de d\u00e9dicace de son livre Par le chemin des Indes. Deux chemins qui se croisent et parfois se s\u00e9parent, mais qui toujours se retrouveront.<\/p>\n<p class=\"note\">Jeudi 5\u00a0juin, de 18\u00a0h\u00a030 \u00e0 20\u00a0h, au Hall du Livre, 53-55, rue Saint-Dizier, \u00e0 Nancy. Entr\u00e9e libre.<\/p>\n","protected":false},"excerpt":{"rendered":"Passionn\u00e9e de plantes, de voyage et d\u2019\u00e9criture, la directrice adjointe des jardins botaniques du Grand Nancy et auteur,&hellip;\n","protected":false},"author":2,"featured_media":149418,"comment_status":"","ping_status":"","sticky":false,"template":"","format":"standard","meta":{"footnotes":""},"categories":[9635],"tags":[1111,11,6211,1687,1704,1777,674,1011,27,775,2410,1702,1703,12,5486,25],"class_list":{"0":"post-149417","1":"post","2":"type-post","3":"status-publish","4":"format-standard","5":"has-post-thumbnail","7":"category-nancy","8":"tag-actu","9":"tag-actualites","10":"tag-conference","11":"tag-culture-loisirs","12":"tag-edition-nancy-et-agglomeration","13":"tag-eu","14":"tag-europe","15":"tag-fr","16":"tag-france","17":"tag-grand-est","18":"tag-livres-bd","19":"tag-nancy","20":"tag-nancy-ville-54b","21":"tag-news","22":"tag-rencontre","23":"tag-republique-francaise"},"share_on_mastodon":{"url":"https:\/\/pubeurope.com\/@fr\/114620541370643248","error":""},"_links":{"self":[{"href":"https:\/\/www.europesays.com\/fr\/wp-json\/wp\/v2\/posts\/149417","targetHints":{"allow":["GET"]}}],"collection":[{"href":"https:\/\/www.europesays.com\/fr\/wp-json\/wp\/v2\/posts"}],"about":[{"href":"https:\/\/www.europesays.com\/fr\/wp-json\/wp\/v2\/types\/post"}],"author":[{"embeddable":true,"href":"https:\/\/www.europesays.com\/fr\/wp-json\/wp\/v2\/users\/2"}],"replies":[{"embeddable":true,"href":"https:\/\/www.europesays.com\/fr\/wp-json\/wp\/v2\/comments?post=149417"}],"version-history":[{"count":0,"href":"https:\/\/www.europesays.com\/fr\/wp-json\/wp\/v2\/posts\/149417\/revisions"}],"wp:featuredmedia":[{"embeddable":true,"href":"https:\/\/www.europesays.com\/fr\/wp-json\/wp\/v2\/media\/149418"}],"wp:attachment":[{"href":"https:\/\/www.europesays.com\/fr\/wp-json\/wp\/v2\/media?parent=149417"}],"wp:term":[{"taxonomy":"category","embeddable":true,"href":"https:\/\/www.europesays.com\/fr\/wp-json\/wp\/v2\/categories?post=149417"},{"taxonomy":"post_tag","embeddable":true,"href":"https:\/\/www.europesays.com\/fr\/wp-json\/wp\/v2\/tags?post=149417"}],"curies":[{"name":"wp","href":"https:\/\/api.w.org\/{rel}","templated":true}]}}