{"id":149421,"date":"2025-06-03T17:11:15","date_gmt":"2025-06-03T17:11:15","guid":{"rendered":"https:\/\/www.europesays.com\/fr\/149421\/"},"modified":"2025-06-03T17:11:15","modified_gmt":"2025-06-03T17:11:15","slug":"credit-mutuel-de-toulon-fusion-des-3-caisses","status":"publish","type":"post","link":"https:\/\/www.europesays.com\/fr\/149421\/","title":{"rendered":"Cr\u00e9dit Mutuel de Toulon &#8211; Fusion des 3 caisses"},"content":{"rendered":"<p>\t\t\t\t\t\t\t\tUne fusion pour mieux se rassembler<\/p>\n<p>Le mercredi 21 mai, au Palais Neptune de Toulon, s\u2019est tenue une assembl\u00e9e g\u00e9n\u00e9rale importante pour le Cr\u00e9dit Mutuel. En effet, les trois caisses locales de Toulon-Libert\u00e9, Le Mourillon et Pont-du-Las, ont officiellement fusionn\u00e9 pour former une seule grande caisse.<\/p>\n<p>Cette d\u00e9cision s\u2019inscrit dans une logique de simplification administrative. Entre mutualisation des moyens et de renforcement du lien entre les soci\u00e9taires. En se rassemblant, les caisses locales esp\u00e8rent aussi gagner en efficacit\u00e9. Tout cela en pr\u00e9servant les valeurs humaines qui caract\u00e9risent la banque mutualiste.<\/p>\n<p>\u00a0<\/p>\n<p><img loading=\"lazy\" decoding=\"async\" class=\"size-large wp-image-54106\" src=\"https:\/\/www.europesays.com\/fr\/wp-content\/uploads\/2025\/06\/credit_mutuel_2-1024x509.jpg\" alt=\"Cr\u00e9dit Mutuel\" width=\"1024\" height=\"509\"  \/>3 assembl\u00e9es g\u00e9n\u00e9rales du Cr\u00e9dit Mutuel se sont tenues au Palais Neptune \u00e0 Toulon.<\/p>\n<p>\u00a0<\/p>\n<p>Yves Pujol fait vibrer le Palais Neptune<\/p>\n<p>La soir\u00e9e a d\u00e9but\u00e9 par la tenue successive des trois assembl\u00e9es g\u00e9n\u00e9rales ordinaires. Chacune permettant de valider les comptes de l\u2019ann\u00e9e \u00e9coul\u00e9e et de pr\u00e9senter les projets \u00e0 venir. Une fois les aspects formels achev\u00e9s, les soci\u00e9taires ont \u00e9t\u00e9 convi\u00e9s \u00e0 un cocktail convivial.<\/p>\n<p>La soir\u00e9e s\u2019est poursuivie avec un spectacle d\u2019Yves Pujol, humoriste toulonnais bien connu pour ses sketchs inspir\u00e9s du quotidien et de l\u2019accent du sud. Son ton d\u00e9cal\u00e9 et son regard malicieux sur la vie ont suscit\u00e9 de nombreux rires.<\/p>\n<p>\u00a0<\/p>\n<p><img loading=\"lazy\" decoding=\"async\" class=\"size-large wp-image-54105\" src=\"https:\/\/www.europesays.com\/fr\/wp-content\/uploads\/2025\/06\/credit_mutuel_1-1024x507.jpg\" alt=\"Cr\u00e9dit Mutuel\" width=\"1024\" height=\"507\"  \/>Fusion des caisses Libert\u00e9, Le Mourillon, et Pont-du-Las.<\/p>\n<p>\u00a0<\/p>\n<p>Une ambiance chaleureuse et tourn\u00e9e vers demain<\/p>\n<p>Ce moment fort de la vie mutualiste a permis de renforcer les liens entre les soci\u00e9taires et les \u00e9quipes du Cr\u00e9dit Mutuel. L\u2019ambiance g\u00e9n\u00e9rale, faite de sourires, d\u2019\u00e9changes et d\u2019enthousiasme, a t\u00e9moign\u00e9 de la volont\u00e9 commune d\u2019avancer ensemble.<\/p>\n<blockquote>\n<p>La fusion des trois caisses marque un nouveau d\u00e9part, avec l\u2019objectif de mieux r\u00e9pondre aux besoins des adh\u00e9rents, tout en conservant une proximit\u00e9 essentielle.<\/p>\n<\/blockquote>\n<p>Port\u00e9e par des valeurs de solidarit\u00e9 et de coop\u00e9ration, cette nouvelle grande caisse de Toulon s\u2019engage d\u00e9sormais dans un avenir ambitieux, au service de ses membres et du territoire.<\/p>\n<p>\u00a0<\/p>\n<p><strong><img decoding=\"async\" class=\"emoji\" role=\"img\" draggable=\"false\" src=\"https:\/\/www.europesays.com\/fr\/wp-content\/uploads\/2025\/04\/1744930092_464_1f538.svg.svg+xml\" alt=\"\ud83d\udd38\" data-pin-no-hover=\"true\"\/>\u00a0A lire aussi :\u00a0<\/strong><a href=\"https:\/\/www.info83.fr\/le-fumoir-de-provence-un-savoir-faire-artisanal-au-service-du-gout\/\" target=\"_blank\" rel=\"noopener\">Le Fumoir de Provence : un savoir-faire artisanal au service du go\u00fbt<\/a><\/p>\n<p><strong><img decoding=\"async\" class=\"emoji\" role=\"img\" draggable=\"false\" src=\"https:\/\/www.europesays.com\/fr\/wp-content\/uploads\/2025\/04\/1744930092_464_1f538.svg.svg+xml\" alt=\"\ud83d\udd38\" data-pin-no-hover=\"true\"\/>Info83, toute l\u2019info du Var<\/strong><\/p>\n<p><img decoding=\"async\" class=\"emoji\" role=\"img\" draggable=\"false\" src=\"https:\/\/www.europesays.com\/fr\/wp-content\/uploads\/2025\/04\/1744930092_704_27a1.svg.svg+xml\" alt=\"\u27a1\ufe0f\" data-pin-no-hover=\"true\"\/>\u00a0<a href=\"https:\/\/bit.ly\/2OZZMMK\" target=\"_blank\" rel=\"noopener noreferrer\">Facebook Info83<\/a><\/p>\n<p><img decoding=\"async\" class=\"emoji\" role=\"img\" draggable=\"false\" src=\"https:\/\/www.europesays.com\/fr\/wp-content\/uploads\/2025\/04\/1744930092_704_27a1.svg.svg+xml\" alt=\"\u27a1\ufe0f\" data-pin-no-hover=\"true\"\/>\u00a0<a href=\"https:\/\/bit.ly\/2ONkTC9\" target=\"_blank\" rel=\"noopener noreferrer\">Youtube Info83<\/a><\/p>\n<p>\u00a0<\/p>\n","protected":false},"excerpt":{"rendered":"Une fusion pour mieux se rassembler Le mercredi 21 mai, au Palais Neptune de Toulon, s\u2019est tenue une&hellip;\n","protected":false},"author":2,"featured_media":149422,"comment_status":"","ping_status":"","sticky":false,"template":"","format":"standard","meta":{"footnotes":""},"categories":[9619],"tags":[1111,11,27869,1777,674,1011,27,27870,24060,12,27871,27872,882,25,2310],"class_list":{"0":"post-149421","1":"post","2":"type-post","3":"status-publish","4":"format-standard","5":"has-post-thumbnail","7":"category-toulon","8":"tag-actu","9":"tag-actualites","10":"tag-credit-mutuel","11":"tag-eu","12":"tag-europe","13":"tag-fr","14":"tag-france","15":"tag-liberte","16":"tag-mourillon","17":"tag-news","18":"tag-palais-neptune","19":"tag-pont-du-las","20":"tag-provence-alpes-cote-dazur","21":"tag-republique-francaise","22":"tag-toulon"},"share_on_mastodon":{"url":"https:\/\/pubeurope.com\/@fr\/114620549401987446","error":""},"_links":{"self":[{"href":"https:\/\/www.europesays.com\/fr\/wp-json\/wp\/v2\/posts\/149421","targetHints":{"allow":["GET"]}}],"collection":[{"href":"https:\/\/www.europesays.com\/fr\/wp-json\/wp\/v2\/posts"}],"about":[{"href":"https:\/\/www.europesays.com\/fr\/wp-json\/wp\/v2\/types\/post"}],"author":[{"embeddable":true,"href":"https:\/\/www.europesays.com\/fr\/wp-json\/wp\/v2\/users\/2"}],"replies":[{"embeddable":true,"href":"https:\/\/www.europesays.com\/fr\/wp-json\/wp\/v2\/comments?post=149421"}],"version-history":[{"count":0,"href":"https:\/\/www.europesays.com\/fr\/wp-json\/wp\/v2\/posts\/149421\/revisions"}],"wp:featuredmedia":[{"embeddable":true,"href":"https:\/\/www.europesays.com\/fr\/wp-json\/wp\/v2\/media\/149422"}],"wp:attachment":[{"href":"https:\/\/www.europesays.com\/fr\/wp-json\/wp\/v2\/media?parent=149421"}],"wp:term":[{"taxonomy":"category","embeddable":true,"href":"https:\/\/www.europesays.com\/fr\/wp-json\/wp\/v2\/categories?post=149421"},{"taxonomy":"post_tag","embeddable":true,"href":"https:\/\/www.europesays.com\/fr\/wp-json\/wp\/v2\/tags?post=149421"}],"curies":[{"name":"wp","href":"https:\/\/api.w.org\/{rel}","templated":true}]}}