{"id":149423,"date":"2025-06-03T17:12:11","date_gmt":"2025-06-03T17:12:11","guid":{"rendered":"https:\/\/www.europesays.com\/fr\/149423\/"},"modified":"2025-06-03T17:12:11","modified_gmt":"2025-06-03T17:12:11","slug":"division-1-feminine-la-jda-dijon-veut-poursuivre-sa-marche-en-avant-a-toulon","status":"publish","type":"post","link":"https:\/\/www.europesays.com\/fr\/149423\/","title":{"rendered":"Division 1 f\u00e9minine. La JDA Dijon veut poursuivre sa marche en avant \u00e0 Toulon"},"content":{"rendered":"<p>Assur\u00e9e d\u2019\u00eatre en coupe d\u2019Europe la saison prochaine depuis <a href=\"https:\/\/www.bienpublic.com\/sport\/2025\/05\/28\/la-jda-dijon-s-impose-dans-la-douleur\" target=\"_blank\" rel=\"noopener\">sa victoire \u00e0 Plan-de-Cuques il y a une semaine<\/a> (25-26), la JDA Dijon en veut encore plus. Et notamment chiper la derni\u00e8re place du podium \u00e0 Chambray, qui pointe seulement deux points au-dessus.<\/p>\n<p>Alors qu\u2019il ne reste plus que deux journ\u00e9es et que les Dijonnaises n\u2019ont pas le goal-average particulier, elles doivent faire le plein et esp\u00e9rer deux faux pas de Chambray, qui accueille Brest avant de finir \u00e0 Besan\u00e7on.<\/p>\n<p>De leur c\u00f4t\u00e9, les joueuses de Cl\u00e9ment Alcacer vont d\u2019abord se rendre \u00e0 Toulon avant de terminer par la r\u00e9ception de Strasbourg ATH. \u00ab\u00a0Le vrai enjeu de cette journ\u00e9e, c\u2019est d\u2019aller enrayer la dynamique toulonnaise, sans se projeter plus loin\u00a0\u00bb, \u00e9voque le technicien. \u00ab\u00a0Elles jouent leur survie, elles seront surmotiv\u00e9es. C\u2019est une \u00e9quipe qui est quand m\u00eame largement sup\u00e9rieure \u00e0 ce qu\u2019elle \u00e9tait il y a encore deux mois.\u00a0\u00bb<\/p>\n<p>  M\u00e9fiance de rigueur<\/p>\n<p>Onzi\u00e8mes, les Varoises ne comptent qu\u2019un point d\u2019avance sur Saint-Amand, actuelle lanterne rouge dans un bas de classement hyper serr\u00e9 o\u00f9 deux points s\u00e9parent le 9e du 14e.<\/p>\n<p>Mais elles viennent d\u2019encha\u00eener quatre victoires de rang, faisant notamment tomber Besan\u00e7on (32-29), Nice (30-33) et Plan-de-Cuques (30-29), et sont invaincues depuis le 3\u00a0mai dernier.<\/p>\n<p>\u00ab\u00a0Ce sera la guerre, le match risque d\u2019\u00eatre un peu bouillant et pas tr\u00e8s beau\u00a0\u00bb, pr\u00e9vient Cl\u00e9ment Alcacer. \u00ab\u00a0Est-ce que les filles auront le surplus d\u2019\u00e9nergie pour l\u2019emporter\u00a0?\u00a0\u00bb<\/p>\n<p>R\u00e9ponse ce mercredi (19h30).<\/p>\n","protected":false},"excerpt":{"rendered":"Assur\u00e9e d\u2019\u00eatre en coupe d\u2019Europe la saison prochaine depuis sa victoire \u00e0 Plan-de-Cuques il y a une semaine&hellip;\n","protected":false},"author":2,"featured_media":149424,"comment_status":"","ping_status":"","sticky":false,"template":"","format":"standard","meta":{"footnotes":""},"categories":[9619],"tags":[1111,11,2930,8587,8588,1777,674,107,1011,27,1792,20441,12,882,25,517,2310],"class_list":{"0":"post-149423","1":"post","2":"type-post","3":"status-publish","4":"format-standard","5":"has-post-thumbnail","7":"category-toulon","8":"tag-actu","9":"tag-actualites","10":"tag-dijon","11":"tag-dijon-ville","12":"tag-edition-dijon-et-son-agglomeration","13":"tag-eu","14":"tag-europe","15":"tag-fil-info","16":"tag-fr","17":"tag-france","18":"tag-handball","19":"tag-jda-bourgogne-dijon-handball","20":"tag-news","21":"tag-provence-alpes-cote-dazur","22":"tag-republique-francaise","23":"tag-sport","24":"tag-toulon"},"share_on_mastodon":{"url":"https:\/\/pubeurope.com\/@fr\/114620553218149522","error":""},"_links":{"self":[{"href":"https:\/\/www.europesays.com\/fr\/wp-json\/wp\/v2\/posts\/149423","targetHints":{"allow":["GET"]}}],"collection":[{"href":"https:\/\/www.europesays.com\/fr\/wp-json\/wp\/v2\/posts"}],"about":[{"href":"https:\/\/www.europesays.com\/fr\/wp-json\/wp\/v2\/types\/post"}],"author":[{"embeddable":true,"href":"https:\/\/www.europesays.com\/fr\/wp-json\/wp\/v2\/users\/2"}],"replies":[{"embeddable":true,"href":"https:\/\/www.europesays.com\/fr\/wp-json\/wp\/v2\/comments?post=149423"}],"version-history":[{"count":0,"href":"https:\/\/www.europesays.com\/fr\/wp-json\/wp\/v2\/posts\/149423\/revisions"}],"wp:featuredmedia":[{"embeddable":true,"href":"https:\/\/www.europesays.com\/fr\/wp-json\/wp\/v2\/media\/149424"}],"wp:attachment":[{"href":"https:\/\/www.europesays.com\/fr\/wp-json\/wp\/v2\/media?parent=149423"}],"wp:term":[{"taxonomy":"category","embeddable":true,"href":"https:\/\/www.europesays.com\/fr\/wp-json\/wp\/v2\/categories?post=149423"},{"taxonomy":"post_tag","embeddable":true,"href":"https:\/\/www.europesays.com\/fr\/wp-json\/wp\/v2\/tags?post=149423"}],"curies":[{"name":"wp","href":"https:\/\/api.w.org\/{rel}","templated":true}]}}