{"id":149431,"date":"2025-06-03T17:16:22","date_gmt":"2025-06-03T17:16:22","guid":{"rendered":"https:\/\/www.europesays.com\/fr\/149431\/"},"modified":"2025-06-03T17:16:22","modified_gmt":"2025-06-03T17:16:22","slug":"de-chartres-a-rouen-a-velo-en-famille-decouvrez-leure-express-pour-une-balade-de-trois-jours","status":"publish","type":"post","link":"https:\/\/www.europesays.com\/fr\/149431\/","title":{"rendered":"De Chartres \u00e0 Rouen \u00e0 v\u00e9lo en famille, d\u00e9couvrez l&rsquo;Eure Express pour une balade de trois jours"},"content":{"rendered":"<p>            Par<br \/>\n        <strong><br \/>\n            <a href=\"https:\/\/actu.fr\/auteur\/laurent-rebours\" title=\"Consulter tous les articles de Laurent REBOURS\" rel=\"nofollow noopener\" target=\"_blank\">Laurent REBOURS<\/a><br \/>\n        <\/strong><\/p>\n<p>        Publi\u00e9 le<\/p>\n<p>            3 juin 2025 \u00e0 18h00        <\/p>\n<p>Quatre nouveaux itin\u00e9raires \u00e0 v\u00e9lo viennent d\u2019\u00eatre propos\u00e9s comme \u00ab\u00a0<strong>Echapp\u00e9es normandes<\/strong>\u00a0\u00bb par l\u2019agence Eur\u00e9ka attractivit\u00e9. Entre vall\u00e9es bucoliques, villages de charme et for\u00eats pr\u00e9serv\u00e9es, l\u2019Eure d\u00e9roule ses paysages comme autant d\u2019invitations \u00e0 l\u2019\u00e9vasion. Ici, le v\u00e9lo devient une mani\u00e8re douce de voyager, une autre fa\u00e7on de s\u2019impr\u00e9gner de la <a href=\"https:\/\/actu.fr\/normandie\/\" rel=\"nofollow noopener\" target=\"_blank\">Normandie<\/a>. Voies vertes am\u00e9nag\u00e9es, routes de campagne ou sentiers longeant les rivi\u00e8res, chaque itin\u00e9raire s\u2019adapte aux envies et aux rythmes de chacun. Et l\u2019une de ces Echapp\u00e9es normandes d\u00e9bute \u00e0 <a href=\"https:\/\/actu.fr\/chartres\/\" rel=\"nofollow noopener\" target=\"_blank\">Chartres<\/a> (Eure-et-Loir).<\/p>\n<p>Quatre parcours cyclables in\u00e9dits<\/p>\n<p class=\" wall-content\">Depuis mai 2025, l\u2019agence Eur\u00eaka et la plateforme Komoot unissent leurs forces pour valoriser <strong>quatre parcours cyclables in\u00e9dits<\/strong>, entre rives de Seine et vallons du Vexin Normand. Une nouvelle fa\u00e7on de d\u00e9couvrir l\u2019Eure \u00e0 son rythme, en toute libert\u00e9\u2026<\/p>\n<p>\u25a0 Sur les traces d\u2019Anquetil : \u00ab L\u2019Eure d\u00e9fie le contre-la-montre \u00bb<\/p>\n<p class=\" wall-content\">Cet itin\u00e9raire en mode \u00ab\u00a0slow\u00a0\u00bb rend hommage \u00e0 <a href=\"https:\/\/actu.fr\/normandie\/la-neuville-chant-d-oisel_76464\/la-neuville-chant-doisel-la-commune-rend-hommage-a-jacques-anquetil_62640464.html\" rel=\"nofollow noopener\" target=\"_blank\">Jacques Anquetil<\/a>, l\u00e9gende du cyclisme et enfant du pays. Loin de l\u2019esprit de comp\u00e9tition, il propose une \u00e9chapp\u00e9e de <strong>183 km<\/strong> \u00e0 parcourir en cinq \u00e9tapes accessibles \u00e0 tous.<\/p>\n<p class=\" wall-content\">De Vernon-Giverny \u00e0 Gisors, il invite \u00e0 musarder le long de la Seine, \u00e0 fl\u00e2ner dans les ruelles de Lyons-la-For\u00eat ou encore \u00e0 d\u00e9couvrir les jardins de Monet et les abbayes de la vall\u00e9e. Au c\u0153ur du <strong>berceau de l\u2019impressionnisme<\/strong>, c\u2019est un voyage \u00e0 la crois\u00e9e du patrimoine, de la nature et de l\u2019art de vivre\u2026 \u00e0 moins d\u2019une heure de Paris.<\/p>\n<p>\u25a0 Le lac des cycles : une boucle au fil de l\u2019eau<\/p>\n<p class=\" wall-content\">\u00c0 Poses, au c\u0153ur de l\u2019Eure, une boucle de 24 km propose une parenth\u00e8se id\u00e9ale pour les familles. Sur des voies vertes calmes et s\u00e9curis\u00e9es, petits et grands encha\u00eenent d\u00e9couvertes et haltes ludiques :<\/p>\n<ul style=\"list-style-type: square;\" class=\" wall-content\">\n<li>Immersion tropicale \u00e0 Biotropica<\/li>\n<li>Escale culturelle au Mus\u00e9e de la Batellerie<\/li>\n<li>D\u00e9tente au bord du lac au rythme des cygnes<\/li>\n<li>En guise de bouquet final : le Parc de loisirs de L\u00e9ry-Poses et ses activit\u00e9s joyeusement estivales \u2013 t\u00e9l\u00e9ski nautique, p\u00e9dalo, mini-golf\u2026<\/li>\n<\/ul>\n<p>\u25a0 Dans la roue de Monet : l\u2019inspiration en ligne de mire<\/p>\n<p class=\" wall-content\">Sur 100 km entre Vernon et Poses, ce parcours de deux jours suit les paysages qui ont nourri l\u2019imaginaire des impressionnistes. Facile d\u2019acc\u00e8s depuis la gare de Vernon-Giverny, il longe les m\u00e9andres de la Seine et traverse des sites embl\u00e9matiques :<\/p>\n<ul style=\"list-style-type: square;\" class=\" wall-content\">\n<li>Le Vieux-Moulin<\/li>\n<li>Le ch\u00e2teau des Tourelles<\/li>\n<li>Ch\u00e2teau Gaillard aux Andelys\u2026<\/li>\n<\/ul>\n<p class=\" wall-content\">Un voyage contemplatif dans un tableau vivant, \u00e0 mi-chemin entre immersion artistique et communion avec la nature.<\/p>\n<p>\u25a0 L\u2019Eure Express : la libert\u00e9 en version bikepacking<\/p>\n<p class=\" wall-content\">Entre Chartres et Rouen, l\u2019Eure-Express d\u00e9roule son trac\u00e9 sur <strong>195 km<\/strong> au c\u0153ur de la Vall\u00e9e de l\u2019Eure, \u00e0 d\u00e9couvrir en trois jours.<\/p>\n<p class=\" wall-content\">Con\u00e7u pour les amateurs de bikepacking (avec les affaires dans le sac \u00e0 dos) comme pour les cyclistes curieux bien \u00e9quip\u00e9s, ce parcours accessible en train relie patrimoine, villages pittoresques, paysages fluviaux et plaisirs du terroir.<\/p>\n<p class=\" wall-content\">Du ch\u00e2teau d\u2019<a href=\"https:\/\/actu.fr\/centre-val-de-loire\/anet_28007\" rel=\"nofollow noopener\" target=\"_blank\">Anet<\/a> au train touristique de Pacy-sur-Eure, sans oublier les ch\u00e2teaux, les for\u00eats et les haltes gourmandes \u00e0 d\u00e9couvrir\u2026 l\u2019itin\u00e9raire est une v\u00e9ritable immersion vivifiante, au c\u0153ur de la <strong>Normandie confidentielle<\/strong>.<\/p>\n<p>\u2588 Pratique :<br \/>\nPour plus d\u2019informations<br \/>\nLe <a href=\"https:\/\/www.eureka-attractivite.fr\/je-decouvre\/velo\/\" rel=\"nofollow noopener\" target=\"_blank\">site des Echapp\u00e9es normandes ICI<\/a><br \/>\n\u00a9 Eureka Singuliers Pluriels<\/p>\n<p class=\" wall-content\">Suivez toute l\u2019actualit\u00e9 de vos villes et m\u00e9dias favoris en vous inscrivant \u00e0 <a href=\"https:\/\/moncompte.actu.fr\" title=\"D\u00e9couvez Mon Actu\" rel=\"nofollow noopener\" data-trk=\"{&quot;cta&quot;:{&quot;action&quot;:&quot;https:\\\/\\\/moncompte.actu.fr&quot;,&quot;category&quot;:&quot;mon compte&quot;,&quot;from&quot;:&quot;article footer&quot;,&quot;name&quot;:&quot;Mon actu&quot;,&quot;type&quot;:&quot;cta&quot;}}\" target=\"_blank\">Mon Actu<\/a>.<\/p>\n","protected":false},"excerpt":{"rendered":"Par Laurent REBOURS Publi\u00e9 le 3 juin 2025 \u00e0 18h00 Quatre nouveaux itin\u00e9raires \u00e0 v\u00e9lo viennent d\u2019\u00eatre propos\u00e9s&hellip;\n","protected":false},"author":2,"featured_media":149432,"comment_status":"","ping_status":"","sticky":false,"template":"","format":"standard","meta":{"footnotes":""},"categories":[9587],"tags":[1111,11,1777,674,652,1011,27,12,5161,4798,25,9590,104,208],"class_list":{"0":"post-149431","1":"post","2":"type-post","3":"status-publish","4":"format-standard","5":"has-post-thumbnail","7":"category-rouen","8":"tag-actu","9":"tag-actualites","10":"tag-eu","11":"tag-europe","12":"tag-famille","13":"tag-fr","14":"tag-france","15":"tag-news","16":"tag-normandie","17":"tag-pistes-cyclables","18":"tag-republique-francaise","19":"tag-rouen","20":"tag-societe","21":"tag-velo"},"share_on_mastodon":{"url":"https:\/\/pubeurope.com\/@fr\/114620569079215387","error":""},"_links":{"self":[{"href":"https:\/\/www.europesays.com\/fr\/wp-json\/wp\/v2\/posts\/149431","targetHints":{"allow":["GET"]}}],"collection":[{"href":"https:\/\/www.europesays.com\/fr\/wp-json\/wp\/v2\/posts"}],"about":[{"href":"https:\/\/www.europesays.com\/fr\/wp-json\/wp\/v2\/types\/post"}],"author":[{"embeddable":true,"href":"https:\/\/www.europesays.com\/fr\/wp-json\/wp\/v2\/users\/2"}],"replies":[{"embeddable":true,"href":"https:\/\/www.europesays.com\/fr\/wp-json\/wp\/v2\/comments?post=149431"}],"version-history":[{"count":0,"href":"https:\/\/www.europesays.com\/fr\/wp-json\/wp\/v2\/posts\/149431\/revisions"}],"wp:featuredmedia":[{"embeddable":true,"href":"https:\/\/www.europesays.com\/fr\/wp-json\/wp\/v2\/media\/149432"}],"wp:attachment":[{"href":"https:\/\/www.europesays.com\/fr\/wp-json\/wp\/v2\/media?parent=149431"}],"wp:term":[{"taxonomy":"category","embeddable":true,"href":"https:\/\/www.europesays.com\/fr\/wp-json\/wp\/v2\/categories?post=149431"},{"taxonomy":"post_tag","embeddable":true,"href":"https:\/\/www.europesays.com\/fr\/wp-json\/wp\/v2\/tags?post=149431"}],"curies":[{"name":"wp","href":"https:\/\/api.w.org\/{rel}","templated":true}]}}