{"id":149433,"date":"2025-06-03T17:19:13","date_gmt":"2025-06-03T17:19:13","guid":{"rendered":"https:\/\/www.europesays.com\/fr\/149433\/"},"modified":"2025-06-03T17:19:13","modified_gmt":"2025-06-03T17:19:13","slug":"grenoble-2-900-m%c2%b2-de-panneaux-solaires-inaugures-sur-a-athanor","status":"publish","type":"post","link":"https:\/\/www.europesays.com\/fr\/149433\/","title":{"rendered":"Grenoble : 2 900 m\u00b2 de panneaux solaires inaugur\u00e9s sur \u00e0 Athanor"},"content":{"rendered":"<p>Et de neuf ! Ce mardi 3 juin, la <strong>M\u00e9tropole de Grenoble a inaugur\u00e9 sa 9e centrale photovolta\u00efque<\/strong> depuis 2022. Celle-ci est install\u00e9e sur trois toitures du <strong>centre de tri Athanor,<\/strong> \u00e0 la Tronche, et produit l&rsquo;\u00e9quivalent de la <strong>consommation de 120 foyers.<\/strong> <\/p>\n<p>Centrale photovolta\u00efque d&rsquo;Athanor : 480 000 euros investis par la M\u00e9tropole <\/p>\n<p>Quelques semaines apr\u00e8s celle du March\u00e9 d&rsquo;int\u00e9r\u00eat national, <strong>la centrale photovolta\u00efque Athanor devient la plus grande de la M\u00e9tro<\/strong>, avec pr\u00e8s de 2 900 m\u00b2 de panneaux install\u00e9s sur trois toitures (550kWc). <\/p>\n<p>L&rsquo;\u00e9lectricit\u00e9 produite par la centrale est estim\u00e9e \u00e0 600 000 kWc par an, et sera <strong>r\u00e9inject\u00e9e dans le r\u00e9seau, <\/strong>revendue \u00e0 EDF OA via un <strong>contrat d&rsquo;obligation d&rsquo;achat de 20 ans<\/strong>, et dont les recettes per\u00e7ues par la M\u00e9tropole doivent s&rsquo;\u00e9lever \u00e0 60 000 euros par an. <\/p>\n<blockquote>\n<p>\u00ab\u00a0Le choix de revendre l&rsquo;\u00e9nergie ou d&rsquo;autoconsommer est variable selon les projets. En fonction des conditions, de la conception du b\u00e2timent et de ce qu&rsquo;il y a autour, l&rsquo;une ou l&rsquo;autre des solutions est plus pertinente. L&rsquo;autoconsommation est tr\u00e8s utilis\u00e9e quand il y a beaucoup d&rsquo;\u00e9quipements ou de logements autour. Ici on a choisi la revente parce qu&rsquo;elle \u00e9tait appropri\u00e9e\u00a0\u00bb explique Christophe Ferrari, pr\u00e9sident de Grenoble Alpes M\u00e9tropole. <\/p>\n<\/blockquote>\n<p>Sans compter que la M\u00e9tropole a en effet sign\u00e9 son contrat de concession avant les baisses de prix de f\u00e9vrier 2025. Malgr\u00e9 un chantier rendu technique par l&rsquo;environnement (notamment par le fait qu&rsquo;Athanor est rest\u00e9 en activit\u00e9), le retour sur investissement pour la centrale photovolta\u00efque devrait \u00eatre d&rsquo;une quinzaine d&rsquo;ann\u00e9es.<\/p>\n<p> <img decoding=\"async\" alt=\"\" data-zoomable=\"\" height=\"1500\" loading=\"lazy\" src=\"https:\/\/www.europesays.com\/fr\/wp-content\/uploads\/2025\/06\/img-3241.jpg\" width=\"2000\"\/> <\/p>\n<p>\u00a9 Caroline Thermoz-Liaudy &#8211; Geste inaugural humoristique, les \u00e9lus \u00e9taient invit\u00e9s \u00e0 brancher le courant. <\/p>\n<p>\u00a0 <\/p>\n<p>Les travaux ont \u00e9t\u00e9 r\u00e9alis\u00e9s par <strong>l&rsquo;entreprise Solstyce<\/strong> bas\u00e9e \u00e0 Voreppe, pour un montant de <strong>480 000 euros financ\u00e9s par la M\u00e9tropole.<\/strong> <\/p>\n<p> M\u00e9tropole de Grenoble : six fois plus de photovolta\u00efque d&rsquo;ici 2030 <\/p>\n<p>Dans le cadre de son sch\u00e9ma directeur de l&rsquo;\u00e9nergie, <strong>la M\u00e9tropole pr\u00e9voit d&rsquo;augmenter de 35 % la production d&rsquo;EnR <\/strong>d&rsquo;ici 2030, et d&rsquo;avoir <strong>multipli\u00e9 par six d&rsquo;ici \u00e0 2030, sa capacit\u00e9 photovolta\u00efque<\/strong>. Avec la centrale Athanor, la surface totale de production de la M\u00e9tro atteint 7 000 m\u00b2. S&rsquo;ajouteront tr\u00e8s prochainement, d\u00e8s qu&rsquo;elles auront \u00e9t\u00e9 livr\u00e9es, les centrales solaires du Grand march\u00e9 des Alpes, et de la d\u00e9ch\u00e8terie Jacquard. <\/p>\n<p>De nouveaux projets d\u00e9buteront aussi prochainement : \u00e0 la grange de la Taillat \u00e0 Meylan, et au futur centre technique d&rsquo;assainissement \u00e0 Echirolles.<\/p>\n","protected":false},"excerpt":{"rendered":"Et de neuf ! Ce mardi 3 juin, la M\u00e9tropole de Grenoble a inaugur\u00e9 sa 9e centrale photovolta\u00efque&hellip;\n","protected":false},"author":2,"featured_media":149434,"comment_status":"","ping_status":"","sticky":false,"template":"","format":"standard","meta":{"footnotes":""},"categories":[9566],"tags":[1111,11,27874,2430,1777,674,1011,27,2731,24592,12,27873,25,895],"class_list":{"0":"post-149433","1":"post","2":"type-post","3":"status-publish","4":"format-standard","5":"has-post-thumbnail","7":"category-grenoble","8":"tag-actu","9":"tag-actualites","10":"tag-athanor","11":"tag-auvergne-rhone-alpes","12":"tag-eu","13":"tag-europe","14":"tag-fr","15":"tag-france","16":"tag-grenoble","17":"tag-mu00e9tropole-de-grenoble","18":"tag-news","19":"tag-photovoltau00efque","20":"tag-republique-francaise","21":"tag-solaire"},"share_on_mastodon":{"url":"https:\/\/pubeurope.com\/@fr\/114620580839403670","error":""},"_links":{"self":[{"href":"https:\/\/www.europesays.com\/fr\/wp-json\/wp\/v2\/posts\/149433","targetHints":{"allow":["GET"]}}],"collection":[{"href":"https:\/\/www.europesays.com\/fr\/wp-json\/wp\/v2\/posts"}],"about":[{"href":"https:\/\/www.europesays.com\/fr\/wp-json\/wp\/v2\/types\/post"}],"author":[{"embeddable":true,"href":"https:\/\/www.europesays.com\/fr\/wp-json\/wp\/v2\/users\/2"}],"replies":[{"embeddable":true,"href":"https:\/\/www.europesays.com\/fr\/wp-json\/wp\/v2\/comments?post=149433"}],"version-history":[{"count":0,"href":"https:\/\/www.europesays.com\/fr\/wp-json\/wp\/v2\/posts\/149433\/revisions"}],"wp:featuredmedia":[{"embeddable":true,"href":"https:\/\/www.europesays.com\/fr\/wp-json\/wp\/v2\/media\/149434"}],"wp:attachment":[{"href":"https:\/\/www.europesays.com\/fr\/wp-json\/wp\/v2\/media?parent=149433"}],"wp:term":[{"taxonomy":"category","embeddable":true,"href":"https:\/\/www.europesays.com\/fr\/wp-json\/wp\/v2\/categories?post=149433"},{"taxonomy":"post_tag","embeddable":true,"href":"https:\/\/www.europesays.com\/fr\/wp-json\/wp\/v2\/tags?post=149433"}],"curies":[{"name":"wp","href":"https:\/\/api.w.org\/{rel}","templated":true}]}}