{"id":149435,"date":"2025-06-03T17:20:09","date_gmt":"2025-06-03T17:20:09","guid":{"rendered":"https:\/\/www.europesays.com\/fr\/149435\/"},"modified":"2025-06-03T17:20:09","modified_gmt":"2025-06-03T17:20:09","slug":"retraites-salaires-a-rennes-les-syndicats-appellent-a-manifester-jeudi","status":"publish","type":"post","link":"https:\/\/www.europesays.com\/fr\/149435\/","title":{"rendered":"retraites, salaires\u2026 \u00c0 Rennes, les syndicats appellent \u00e0 manifester jeudi"},"content":{"rendered":"<p>            Par<br \/>\n        <strong><br \/>\n            <a href=\"https:\/\/actu.fr\/auteur\/brian-legoff\" title=\"Consulter tous les articles de Brian Le Goff\" rel=\"nofollow noopener\" target=\"_blank\">Brian Le Goff<\/a><br \/>\n        <\/strong><\/p>\n<p>        Publi\u00e9 le<\/p>\n<p>            3 juin 2025 \u00e0 18h42        <\/p>\n<p>Les <a href=\"https:\/\/actu.fr\/tag\/syndicats\" rel=\"nofollow noopener\" target=\"_blank\">syndicats<\/a> ne veulent une fois encore rien l\u00e2cher. En effet,<strong> CGT, FO et FSU, rejoints par le syndicat Union Pirate,<\/strong> appellent \u00e0 manifester \u00e0 <a href=\"https:\/\/actu.fr\/rennes\/\" rel=\"nofollow noopener\" target=\"_blank\">Rennes<\/a>, <a href=\"https:\/\/actu.fr\/le-pays-malouin\/\" rel=\"nofollow noopener\" target=\"_blank\">Saint-Malo<\/a>, <a href=\"https:\/\/actu.fr\/la-chronique-republicaine\/\" rel=\"nofollow noopener\" target=\"_blank\">Foug\u00e8res<\/a> et <a href=\"https:\/\/actu.fr\/bretagne\/redon_35236\" rel=\"nofollow noopener\" target=\"_blank\">Redon<\/a>, jeudi 5\u00a0juin 2025. \u00ab\u2009C\u2019est la suite du processus de mobilisation qui date et dure depuis maintenant plusieurs ann\u00e9es\u2009\u00bb, explique <strong>Dominique Besson-Milord,<\/strong> secr\u00e9taire de la conf\u00e9d\u00e9ration g\u00e9n\u00e9rale du travail (CGT 35) d\u2019<a href=\"https:\/\/actu.fr\/bretagne\/ille-et-vilaine_35\" rel=\"nofollow noopener\" target=\"_blank\">Ille-et-Vilaine<\/a>.<\/p>\n<p class=\" wall-content\"><a href=\"https:\/\/www.instagram.com\/p\/DKcSnRZI0fn\/embed\" title=\"Ouvrir le lien sur Instagram\" rel=\"nofollow noopener\" target=\"_blank\">Visualiser le contenu sur Instagram<\/a><\/p>\n<p class=\" wall-content\">Tous veulent continuer \u00e0 <strong>revendiquer la fin<\/strong> de la <strong>r\u00e9forme des retraites<\/strong> qui avait pouss\u00e9 des <a href=\"https:\/\/actu.fr\/bretagne\/rennes_35238\/reforme-des-retraites-a-rennes-nouvelle-manifestation-prevue-mardi-23-mai_59627337.html\" rel=\"nofollow noopener\" target=\"_blank\">milliers de Fran\u00e7ais dans la rue en 2023<\/a>. \u00ab\u2009Le 5\u00a0juin, c\u2019est aussi la <strong>niche parlementaire du parti communiste<\/strong> \u00e0 l\u2019Assembl\u00e9e nationale et qui va remettre l\u2019abrogation de la r\u00e9forme des retraites au vote des d\u00e9put\u00e9s\u2009\u00bb, souligne Dominique Besson-Milord.<\/p>\n<blockquote class=\"ac-article-quote wall-content\">\n<p>Nous, on porte le discours de la retraite \u00e0 60 ans. Plus de 70 % des Fran\u00e7ais ne veulent pas de cette r\u00e9forme.<\/p>\n<p>    <strong>Dominique Besson-Milord<\/strong>\n            <\/p><\/blockquote>\n<p class=\" wall-content\">Le deuxi\u00e8me volet sur lequel les syndicats se mobilisent concerne<strong> les salaires, les conditions de travail et les services publics<\/strong>. \u00ab\u2009Plus de <strong>400 plans de licenciements<\/strong> ont \u00e9t\u00e9 annonc\u00e9s. Il n\u2019y a que la mobilisation qui paye pour refuser cette perspective.<strong> Un emploi industriel supprim\u00e9, c\u2019est quatre emplois indirects menac\u00e9s<\/strong> selon l\u2019Insee\u2009\u00bb, continue la syndicaliste.<\/p>\n<p>\u00ab\u2009La question de l\u2019unit\u00e9 est primordiale\u2009\u00bb<\/p>\n<p class=\" wall-content\">\u00ab\u2009Et <strong>on ne peut rien faire tout seul<\/strong>. La question de l\u2019unit\u00e9 est primordiale\u2009\u00bb, abonde <a href=\"https:\/\/actu.fr\/bretagne\/rennes_35238\/fabrice-lerestif-secretaire-force-ouvriere-ille-et-vilaine-vivre-c-est-lutter_60461735.html\" rel=\"nofollow noopener\" target=\"_blank\">Fabrice Lerestif, secr\u00e9taire de Force Ouvri\u00e8re 35<\/a>. \u00ab\u2009On est<strong> modeste et humble,<\/strong> mais ce que l\u2019on sait, c\u2019est quand on est s\u00e9par\u00e9 que prosp\u00e8rent les id\u00e9es r\u00e9actionnaires et la r\u00e9gression d\u00e9mocratique.\u2009\u00bb<\/p>\n<p>Vid\u00e9os : en ce moment sur Actu<\/p>\n<blockquote class=\"ac-article-quote wall-content\">\n<p>Sur le dialogue social, le gouvernement est compos\u00e9e de brutes et de truands. Des brutes parce qu&rsquo;il prend des mesures autoritaires et attaque sans cesse nos militants. Et truands, car il ment en permanence sur les chiffres. <\/p>\n<p>    <strong>Fabrice Lerestif<\/strong><br \/>\n        Secr\u00e9taire g\u00e9n\u00e9ral FO 35    <\/p><\/blockquote>\n<p class=\" wall-content\">Pour lui, le <a href=\"https:\/\/actu.fr\/politique\/la-cgt-claque-la-porte-comment-le-conclave-sur-les-retraites-de-francois-bayrou-a-vire-au-fiasco_62396868.html\" rel=\"nofollow noopener\" target=\"_blank\">conclave sur les retraites<\/a> est une \u00ab\u2009op\u00e9ration dupe\u2009\u00bb. \u00ab\u2009La Cour des comptes \u00e9voque <strong>77\u00a0milliards d\u2019euros d\u2019exon\u00e9rations de cotisations sociales<\/strong> sur les salaires pour les patrons. Alors, forc\u00e9ment, si on pille la S\u00e9curit\u00e9 sociale de ses ressources, il n\u2019est pas \u00e9tonnant que les caisses soient vides pour les retraites ensuite. Dans les sc\u00e9narios les plus catastrophiques, il <strong>manquerait 10\u00a0milliards<\/strong> dans le budget des retraites.\u2009\u00bb<\/p>\n<p class=\" wall-content\">Le syndicaliste \u00e9voque aussi <strong>l\u2019\u00e9vasion fiscale<\/strong> comme levier pour r\u00e9\u00e9quilibrer les comptes\u2009: \u00ab\u2009C\u2019est <strong>100\u00a0milliards<\/strong> et encore une fois la Cour des comptes dit que l\u2019on ne peut pas tout r\u00e9cup\u00e9rer certes, mais <strong>au moins la moiti\u00e9.<\/strong> Alors, qu\u2019est-ce que l\u2019on fait\u2009? D\u00e9j\u00e0, on essaye de le dire et ensuite, on fait passer le message aux salari\u00e9s qu\u2019il faut \u00eatre dans l\u2019action. Et donc faire gr\u00e8ve.\u2009\u00bb<\/p>\n<p>\u00ab\u00a0La retraite \u00e0 60 ans, c\u2019est finan\u00e7able\u00a0\u00bb<\/p>\n<p class=\" wall-content\">\u00ab\u2009On sait que, la retraite \u00e0 60\u00a0ans, c\u2019est finan\u00e7able\u2009\u00bb, rench\u00e9rit <strong>Jean-Marc LLavori de la FSU.<\/strong> \u00ab\u2009On a pris le chemin inverse, mais on est toujours combatif. Alors, on se retrouve ensemble pour battre le pav\u00e9.\u2009\u00bb<\/p>\n<blockquote class=\"ac-article-quote wall-content\">\n<p>On a aussi les retrait\u00e9s qui sont menac\u00e9s avec la suppression de leur abattement fiscale de 10 %. C&rsquo;est encore une fa\u00e7on de prendre l\u00e0 o\u00f9 l&rsquo;argent ne devrait pas \u00eatre pris. C&rsquo;est le m\u00eame esprit que la TVA sociale voulue par Bayrou. On va chercher des m\u00e9canismes disproportionn\u00e9s pour ceux qui gagnent peu. L&rsquo;\u00c9tat devrait permettre un r\u00e9\u00e9quilibrage, mais il ne le fait pas. On gangr\u00e8ne petit \u00e0 petit le syst\u00e8me des retraites et, en face, on a les grandes entreprises qui veulent et font en sorte de ne plus participer \u00e0 l&rsquo;effort collectif. On ne veut pas de \u00e7a.<\/p>\n<p>    <strong>Jean-Marc Llavori<\/strong><br \/>\n        F\u00e9d\u00e9ration syndicale unitaire    <\/p><\/blockquote>\n<p class=\" wall-content\">Du c\u00f4t\u00e9 des services, <strong>tous d\u00e9noncent l\u2019aust\u00e9rit\u00e9 volontaire<\/strong>. \u00ab\u2009Qui dit diminution des budgets, dit postes supprim\u00e9s et remplac\u00e9s par des contractuels, une main-d\u2019\u0153uvre consid\u00e9r\u00e9e plus mall\u00e9able. Ainsi, ce sont <strong>les services publics qui perdent en qualit\u00e9 et ce sont les plus d\u00e9favoris\u00e9s qui sont les premiers touch\u00e9s<\/strong>. C\u2019est de toute cette logique et cette dynamique presque macabre dont on voudrait pouvoir sortir.\u2009\u00bb<\/p>\n<p>Des mobilisations ailleurs en Ille-et-Vilaine<\/p>\n<p class=\" wall-content\">L\u2019intersyndicale rassembl\u00e9e pour cette journ\u00e9e de gr\u00e8ve indique que plusieurs manifestations sont pr\u00e9vues dans le d\u00e9partement\u2009:<\/p>\n<ul class=\" wall-content\">\n<li>Saint-Malo, 11h30\u2009;<\/li>\n<li><a href=\"https:\/\/actu.fr\/bretagne\/fougeres_35115\/fougeres-un-appel-a-la-mobilisation-pour-les-retraites-les-salaires-et-les-emplois_62711596.html\" rel=\"nofollow noopener\" target=\"_blank\">Foug\u00e8res, 17h30, place Aristide-Briand<\/a>\u2009;<\/li>\n<li>Redon, 17h, \u00e0 la sous-pr\u00e9fecture.<\/li>\n<\/ul>\n<p class=\" wall-content\">Un pr\u00e9avis de gr\u00e8ve a \u00e9t\u00e9 d\u00e9pos\u00e9 dans les services publics, mais les <strong>perturbations devraient \u00eatre limit\u00e9es,<\/strong> ne cachent pas les syndicats. \u00ab\u2009Une fois de plus,<strong> mobiliser est compliqu\u00e9.<\/strong> Les gens ont l\u2019impression que \u00e7a ne sert \u00e0 rien. Nous, nous ne voulons pas de la r\u00e9signation. C\u2019est pour \u00e7a que l\u2019<strong>on forme un cri d\u2019alarme\u2009: Entendez-nous\u2009!<\/strong> Prenez les choses en main\u2009! Rejoignez-nous\u2009\u00bb<\/p>\n<p class=\" wall-content\">Suivez toute l\u2019actualit\u00e9 de vos villes et m\u00e9dias favoris en vous inscrivant \u00e0 <a href=\"https:\/\/moncompte.actu.fr\" title=\"D\u00e9couvez Mon Actu\" rel=\"nofollow noopener\" data-trk=\"{&quot;cta&quot;:{&quot;action&quot;:&quot;https:\\\/\\\/moncompte.actu.fr&quot;,&quot;category&quot;:&quot;mon compte&quot;,&quot;from&quot;:&quot;article footer&quot;,&quot;name&quot;:&quot;Mon actu&quot;,&quot;type&quot;:&quot;cta&quot;}}\" target=\"_blank\">Mon Actu<\/a>.<\/p>\n<p>                    <script async src=\"\/\/www.instagram.com\/embed.js\"><\/script><\/p>\n","protected":false},"excerpt":{"rendered":"Par Brian Le Goff Publi\u00e9 le 3 juin 2025 \u00e0 18h42 Les syndicats ne veulent une fois encore&hellip;\n","protected":false},"author":2,"featured_media":149436,"comment_status":"","ping_status":"","sticky":false,"template":"","format":"standard","meta":{"footnotes":""},"categories":[2821],"tags":[1111,11,829,1777,674,1011,27,1272,12,11036,584,25,104,3427],"class_list":{"0":"post-149435","1":"post","2":"type-post","3":"status-publish","4":"format-standard","5":"has-post-thumbnail","7":"category-rennes","8":"tag-actu","9":"tag-actualites","10":"tag-bretagne","11":"tag-eu","12":"tag-europe","13":"tag-fr","14":"tag-france","15":"tag-manifestations","16":"tag-news","17":"tag-reforme-des-retraites","18":"tag-rennes","19":"tag-republique-francaise","20":"tag-societe","21":"tag-syndicats"},"share_on_mastodon":{"url":"https:\/\/pubeurope.com\/@fr\/114620584632719430","error":""},"_links":{"self":[{"href":"https:\/\/www.europesays.com\/fr\/wp-json\/wp\/v2\/posts\/149435","targetHints":{"allow":["GET"]}}],"collection":[{"href":"https:\/\/www.europesays.com\/fr\/wp-json\/wp\/v2\/posts"}],"about":[{"href":"https:\/\/www.europesays.com\/fr\/wp-json\/wp\/v2\/types\/post"}],"author":[{"embeddable":true,"href":"https:\/\/www.europesays.com\/fr\/wp-json\/wp\/v2\/users\/2"}],"replies":[{"embeddable":true,"href":"https:\/\/www.europesays.com\/fr\/wp-json\/wp\/v2\/comments?post=149435"}],"version-history":[{"count":0,"href":"https:\/\/www.europesays.com\/fr\/wp-json\/wp\/v2\/posts\/149435\/revisions"}],"wp:featuredmedia":[{"embeddable":true,"href":"https:\/\/www.europesays.com\/fr\/wp-json\/wp\/v2\/media\/149436"}],"wp:attachment":[{"href":"https:\/\/www.europesays.com\/fr\/wp-json\/wp\/v2\/media?parent=149435"}],"wp:term":[{"taxonomy":"category","embeddable":true,"href":"https:\/\/www.europesays.com\/fr\/wp-json\/wp\/v2\/categories?post=149435"},{"taxonomy":"post_tag","embeddable":true,"href":"https:\/\/www.europesays.com\/fr\/wp-json\/wp\/v2\/tags?post=149435"}],"curies":[{"name":"wp","href":"https:\/\/api.w.org\/{rel}","templated":true}]}}