{"id":149438,"date":"2025-06-03T17:22:11","date_gmt":"2025-06-03T17:22:11","guid":{"rendered":"https:\/\/www.europesays.com\/fr\/149438\/"},"modified":"2025-06-03T17:22:11","modified_gmt":"2025-06-03T17:22:11","slug":"a-quoi-ca-cherche-la-start-up-strasbourgeoise-remedy-veut-repondre-a-lenjeu-strategique-de-la-separation-des-terres-rares","status":"publish","type":"post","link":"https:\/\/www.europesays.com\/fr\/149438\/","title":{"rendered":"\u00c0 quoi \u00e7a cherche. La start-up strasbourgeoise Remedy veut r\u00e9pondre \u00e0 l\u2019enjeu strat\u00e9gique de la s\u00e9paration des terres rares"},"content":{"rendered":"<p>\u00ab\u00a0Cr\u00e9er une technologie de s\u00e9paration des terres rares plus \u00e9cologique est la mission premi\u00e8re de notre start-up Remedy. Avec cinq \u00e9tapes au lieu de 100, notre technologie de s\u00e9paration des terres rares par voie magn\u00e9tique et \u00e9lectrochimique est plus \u00e9conome en \u00e9nergie et en eau que la technique classique qui consiste \u00e0 m\u00e9langer les terres rares avec du k\u00e9ros\u00e8ne pour les s\u00e9parer. L\u2019empreinte environnementale est cent fois moins importante\u00a0\u00bb, assure Peter Dunne, cofondateur de Remedy.<\/p>\n<p>Cette start-up strasbourgeoise a \u00e9t\u00e9 cr\u00e9\u00e9e en f\u00e9vrier\u00a02024 avec Bernard Doudin, professeur \u00e0 l\u2019Institut de physique et chimie des mat\u00e9riaux de Strasbourg (IPCMS), et&#8230;<\/p>\n","protected":false},"excerpt":{"rendered":"\u00ab\u00a0Cr\u00e9er une technologie de s\u00e9paration des terres rares plus \u00e9cologique est la mission premi\u00e8re de notre start-up Remedy.&hellip;\n","protected":false},"author":2,"featured_media":149439,"comment_status":"","ping_status":"","sticky":false,"template":"","format":"standard","meta":{"footnotes":""},"categories":[2820],"tags":[1111,11,2389,2649,2880,1777,674,107,1011,27,775,12,25,767,4604,640,2879],"class_list":{"0":"post-149438","1":"post","2":"type-post","3":"status-publish","4":"format-standard","5":"has-post-thumbnail","7":"category-strasbourg","8":"tag-actu","9":"tag-actualites","10":"tag-alsace","11":"tag-bas-rhin","12":"tag-edition-strasbourg","13":"tag-eu","14":"tag-europe","15":"tag-fil-info","16":"tag-fr","17":"tag-france","18":"tag-grand-est","19":"tag-news","20":"tag-republique-francaise","21":"tag-science-et-technologie","22":"tag-selection-abonne","23":"tag-strasbourg","24":"tag-strasbourg-ville"},"share_on_mastodon":{"url":"https:\/\/pubeurope.com\/@fr\/114620592494686681","error":""},"_links":{"self":[{"href":"https:\/\/www.europesays.com\/fr\/wp-json\/wp\/v2\/posts\/149438","targetHints":{"allow":["GET"]}}],"collection":[{"href":"https:\/\/www.europesays.com\/fr\/wp-json\/wp\/v2\/posts"}],"about":[{"href":"https:\/\/www.europesays.com\/fr\/wp-json\/wp\/v2\/types\/post"}],"author":[{"embeddable":true,"href":"https:\/\/www.europesays.com\/fr\/wp-json\/wp\/v2\/users\/2"}],"replies":[{"embeddable":true,"href":"https:\/\/www.europesays.com\/fr\/wp-json\/wp\/v2\/comments?post=149438"}],"version-history":[{"count":0,"href":"https:\/\/www.europesays.com\/fr\/wp-json\/wp\/v2\/posts\/149438\/revisions"}],"wp:featuredmedia":[{"embeddable":true,"href":"https:\/\/www.europesays.com\/fr\/wp-json\/wp\/v2\/media\/149439"}],"wp:attachment":[{"href":"https:\/\/www.europesays.com\/fr\/wp-json\/wp\/v2\/media?parent=149438"}],"wp:term":[{"taxonomy":"category","embeddable":true,"href":"https:\/\/www.europesays.com\/fr\/wp-json\/wp\/v2\/categories?post=149438"},{"taxonomy":"post_tag","embeddable":true,"href":"https:\/\/www.europesays.com\/fr\/wp-json\/wp\/v2\/tags?post=149438"}],"curies":[{"name":"wp","href":"https:\/\/api.w.org\/{rel}","templated":true}]}}