{"id":149444,"date":"2025-06-03T17:25:10","date_gmt":"2025-06-03T17:25:10","guid":{"rendered":"https:\/\/www.europesays.com\/fr\/149444\/"},"modified":"2025-06-03T17:25:10","modified_gmt":"2025-06-03T17:25:10","slug":"greenpeace-nest-pas-la-bienvenue-au-sommet-de-lonu-sur-les-oceans","status":"publish","type":"post","link":"https:\/\/www.europesays.com\/fr\/149444\/","title":{"rendered":"Greenpeace n\u2019est pas la bienvenue au sommet de l\u2019ONU sur les oc\u00e9ans"},"content":{"rendered":"<p>Le navire de l\u2019ONG ne pourra pas entrer dans le port de Nice pendant la conf\u00e9rence des Nations unies et ne participera pas \u00e0 une grande parade maritime.<\/p>\n<p class=\"fig-paragraph\">Le bateau de\u00a0<a href=\"http:\/\/www.lefigaro.fr\/international\/ce-proces-menace-notre-existence-poursuivie-par-l-exploitant-d-un-oleoduc-americain-greenpeace-craint-la-faillite-20250313\" data-fig-type=\"NewsFlash\" data-gtm-custom-categorie=\"navigation\" data-gtm-custom-action=\"crossclick\" data-gtm-custom-label=\"Contextuel\" data-gtm-event=\"customEventSPE\" data-fig-domain=\"LEFIGARO\" target=\"_blank\" rel=\"noopener\">Greenpeace<\/a>, qui devait rejoindre la trentaine de navires scientifiques d\u2019ONG invit\u00e9s \u00e0 Nice (Alpes-Maritimes) en marge du\u00a0<a href=\"http:\/\/www.lefigaro.fr\/sciences\/a-nice-un-preambule-scientifique-avant-la-grande-conference-des-nations-unies-sur-l-ocean-20250602\" data-fig-type=\"Article\" data-gtm-custom-categorie=\"navigation\" data-gtm-custom-action=\"crossclick\" data-gtm-custom-label=\"Contextuel\" data-gtm-event=\"customEventSPE\" data-fig-domain=\"LEFIGARO\" target=\"_blank\" rel=\"noopener\">sommet de l\u2019ONU sur les oc\u00e9ans<\/a>, n\u2019aura finalement pas le droit d\u2019entrer dans le port. L\u2019Artic Sunrise, un navire de la flotte internationale de Greenpeace, devait rester amarr\u00e9 trois jours \u00e0 partir de mercredi.<\/p>\n<p class=\"fig-paragraph\">Le Thalassa ou le Tethys II de l\u2019Ifremer, le navire allemand Meteor, l\u2019Espagnol Odon de Buen, l\u2019Italien Gaia Blu, l\u2019Ocean Explorer de Ray Dalio, la go\u00e9lette Tara, le Pers\u00e9verance de Jean-Louis \u00c9tienne ou encore le Blue Panda du\u00a0<a href=\"http:\/\/www.lefigaro.fr\/sciences\/nous-assistons-a-la-destruction-d-un-ecosysteme-de-recherche-deux-scientifiques-alertent-sur-la-methode-trumpienne-20250411\" data-fig-type=\"Article\" data-gtm-custom-categorie=\"navigation\" data-gtm-custom-action=\"crossclick\" data-gtm-custom-label=\"Contextuel\" data-gtm-event=\"customEventSPE\" data-fig-domain=\"LEFIGARO\" target=\"_blank\" rel=\"noopener\">WWF<\/a>\u00a0doivent se relayer dans le port pour accueillir le grand public jusqu\u2019\u00e0 jeudi puis les d\u00e9l\u00e9gations du sommet.<\/p>\n<p class=\"fig-paragraph\">Mais un arr\u00eat\u00e9 pris, selon la mairie, en concertation avec la pr\u00e9fecture, \u00e0 la demande de la ministre de la Transition \u00e9cologique,\u00a0<a href=\"http:\/\/www.lefigaro.fr\/politique\/de-la-cop29-au-budget-agnes-pannier-runacher-la-ministre-qui-veut-se-faire-entendre-20241122\" data-fig-type=\"Article\" data-gtm-custom-categorie=\"navigation\" data-gtm-custom-action=\"crossclick\" data-gtm-custom-label=\"Contextuel\" data-gtm-event=\"customEventSPE\" data-fig-domain=\"LEFIGARO\" target=\"_blank\" rel=\"noopener\">Agn\u00e8s Pannier-Runacher<\/a>, a annul\u00e9 la participation du navire de Greenpeace. Pour son patron, Mads Christensen, il s\u2019agit d\u2019\u00abune d\u00e9cision politique (&#8230;) absolument inacceptable\u00bb.<\/p>\n<p>Une action en mer reproch\u00e9e<\/p>\n<p class=\"fig-paragraph\">Agn\u00e8s Pannier-Runacher reproche \u00e0 Greenpeace le largage en mer le 21 mai, depuis l\u2019Artic Sunrise,\u00a0<a href=\"http:\/\/www.lefigaro.fr\/sciences\/contre-le-chalutage-de-fond-greenpeace-lache-des-rochers-dans-une-aire-marine-protegee-dans-les-eaux-francaises-20250521\" data-fig-type=\"NewsFlash\" data-gtm-custom-categorie=\"navigation\" data-gtm-custom-action=\"crossclick\" data-gtm-custom-label=\"Contextuel\" data-gtm-event=\"customEventSPE\" data-fig-domain=\"LEFIGARO\" target=\"_blank\" rel=\"noopener\">d\u2019une quinzaine de rochers dans une aire prot\u00e9g\u00e9e de la M\u00e9diterran\u00e9e<\/a>\u00a0pour emp\u00eacher le chalutage de fond. \u00abPlus de dix tonnes de gravats dans une aire marine prot\u00e9g\u00e9e, sous pr\u00e9texte de faire une campagne contre le chalutage de fond, \u00e0 un endroit o\u00f9 les chaluts ne p\u00e9n\u00e8trent pas, c\u2019est profond\u00e9ment choquant\u00bb, avait-elle d\u00e9clar\u00e9. L\u2019ONG avait r\u00e9pliqu\u00e9 qu\u2019il s\u2019agissait justement d\u2019emp\u00eacher une activit\u00e9 qui perdurait.<\/p>\n<p class=\"fig-paragraph\">Samedi, l\u2019Artic Sunrise, l\u2019un des navires de la flotte internationale de Greenpeace, avait d\u00e9j\u00e0 \u00e9t\u00e9 banni de la parade de dizaines de navires pr\u00e9vue \u00e0 l\u2019occasion de la Journ\u00e9e mondiale de l\u2019oc\u00e9an, \u00e0 la veille de l\u2019ouverture de la conf\u00e9rence onusienne. \u00abC\u2019est tout simplement une aberration. Depuis plus de 50 ans, nous d\u00e9fendons les oc\u00e9ans, en particulier \u00e0 bord de nos navires (&#8230;) et nous ne pourrions pas participer \u00e0 une manifestation en faveur des oc\u00e9ans\u00a0?\u00bb, s\u2019est indign\u00e9 Jean-Fran\u00e7ois Julliard, directeur g\u00e9n\u00e9ral de Greenpeace France.<\/p>\n<p class=\"fig-paragraph\">L\u2019organisateur de la parade dans\u00a0<a href=\"http:\/\/www.lefigaro.fr\/nice\/limitation-des-croisieres-a-nice-des-pertes-de-plusieurs-millions-pour-la-cci-un-bienfait-environnemental-pour-estrosi-20250406\" data-fig-type=\"NewsFlash\" data-gtm-custom-categorie=\"navigation\" data-gtm-custom-action=\"crossclick\" data-gtm-custom-label=\"Contextuel\" data-gtm-event=\"customEventSPE\" data-fig-domain=\"LEFIGARO\" target=\"_blank\" rel=\"noopener\">la rade de Villefranche-sur-Mer<\/a>\u00a0et la baie des Anges de Nice, Yvan Griboval, a expliqu\u00e9 \u00e0 l\u2019ONG qu\u2019il ne voulait pas prendre le risque d\u2019une action de revendication pendant la parade. Et il a assur\u00e9 \u00e0 l\u2019AFP qu\u2019il s\u2019agissait d\u2019une d\u00e9cision personnelle, sans \u00abaucune connotation politique\u00bb.<\/p>\n","protected":false},"excerpt":{"rendered":"Le navire de l\u2019ONG ne pourra pas entrer dans le port de Nice pendant la conf\u00e9rence des Nations&hellip;\n","protected":false},"author":2,"featured_media":149445,"comment_status":"","ping_status":"","sticky":false,"template":"","format":"standard","meta":{"footnotes":""},"categories":[2819],"tags":[1111,11,2898,2829,2971,2972,2973,2974,436,1777,674,2975,1011,27,22050,2969,2970,2987,2980,12,2401,2897,2976,2977,2978,2985,2986,2979,2981,2982,2983,2984,2991,2992,2993,2994,2996,2997,2998,2999,3000,3001,3002,2995,3003,3004,3005,3007,12687,2268,882,25,2988,2989,2990,2968,3006],"class_list":{"0":"post-149444","1":"post","2":"type-post","3":"status-publish","4":"format-standard","5":"has-post-thumbnail","7":"category-nice","8":"tag-actu","9":"tag-actualites","10":"tag-alpes-maritimes","11":"tag-baumettes","12":"tag-carabacel","13":"tag-caucade","14":"tag-cimiez","15":"tag-cremat","16":"tag-environnement","17":"tag-eu","18":"tag-europe","19":"tag-fabron","20":"tag-fr","21":"tag-france","22":"tag-greenpeace","23":"tag-larenas","24":"tag-lariane","25":"tag-le-ray","26":"tag-lingostiere","27":"tag-news","28":"tag-nice","29":"tag-nice-cote-dazur","30":"tag-nice-gairaut","31":"tag-nice-gambetta","32":"tag-nice-jean-medecin","33":"tag-nice-le-piol","34":"tag-nice-le-port","35":"tag-nice-liberation","36":"tag-nice-magnan","37":"tag-nice-mantega-mont-boron","38":"tag-nice-pasteur","39":"tag-nice-pessicart","40":"tag-nice-rue-de-france","41":"tag-nice-saint-antoine","42":"tag-nice-saint-augustin","43":"tag-nice-saint-isidore","44":"tag-nice-saint-maurice","45":"tag-nice-saint-pancrace","46":"tag-nice-saint-philippe","47":"tag-nice-saint-pierre-de-feric","48":"tag-nice-saint-roch","49":"tag-nice-saint-roman-de-bellet","50":"tag-nice-saint-sylvestre","51":"tag-nice-sainte-marguerite","52":"tag-nice-thiers","53":"tag-nice-ventabrun","54":"tag-nice-vernier","55":"tag-nice-vinaigrier","56":"tag-oceans","57":"tag-ogc-nice","58":"tag-provence-alpes-cote-dazur","59":"tag-republique-francaise","60":"tag-rimiez","61":"tag-riquier","62":"tag-roquebilliere","63":"tag-sud-est","64":"tag-vieux-nice"},"share_on_mastodon":{"url":"","error":"Validation failed: Text character limit of 500 exceeded"},"_links":{"self":[{"href":"https:\/\/www.europesays.com\/fr\/wp-json\/wp\/v2\/posts\/149444","targetHints":{"allow":["GET"]}}],"collection":[{"href":"https:\/\/www.europesays.com\/fr\/wp-json\/wp\/v2\/posts"}],"about":[{"href":"https:\/\/www.europesays.com\/fr\/wp-json\/wp\/v2\/types\/post"}],"author":[{"embeddable":true,"href":"https:\/\/www.europesays.com\/fr\/wp-json\/wp\/v2\/users\/2"}],"replies":[{"embeddable":true,"href":"https:\/\/www.europesays.com\/fr\/wp-json\/wp\/v2\/comments?post=149444"}],"version-history":[{"count":0,"href":"https:\/\/www.europesays.com\/fr\/wp-json\/wp\/v2\/posts\/149444\/revisions"}],"wp:featuredmedia":[{"embeddable":true,"href":"https:\/\/www.europesays.com\/fr\/wp-json\/wp\/v2\/media\/149445"}],"wp:attachment":[{"href":"https:\/\/www.europesays.com\/fr\/wp-json\/wp\/v2\/media?parent=149444"}],"wp:term":[{"taxonomy":"category","embeddable":true,"href":"https:\/\/www.europesays.com\/fr\/wp-json\/wp\/v2\/categories?post=149444"},{"taxonomy":"post_tag","embeddable":true,"href":"https:\/\/www.europesays.com\/fr\/wp-json\/wp\/v2\/tags?post=149444"}],"curies":[{"name":"wp","href":"https:\/\/api.w.org\/{rel}","templated":true}]}}