{"id":149450,"date":"2025-06-03T17:28:12","date_gmt":"2025-06-03T17:28:12","guid":{"rendered":"https:\/\/www.europesays.com\/fr\/149450\/"},"modified":"2025-06-03T17:28:12","modified_gmt":"2025-06-03T17:28:12","slug":"cette-creatrice-de-gironde-se-fait-derober-des-corsets-dans-le-tgv","status":"publish","type":"post","link":"https:\/\/www.europesays.com\/fr\/149450\/","title":{"rendered":"cette cr\u00e9atrice de Gironde se fait d\u00e9rober des corsets dans le TGV"},"content":{"rendered":"<p>            Par<br \/>\n        <strong><br \/>\n            <a href=\"https:\/\/actu.fr\/auteur\/bpeyre\" title=\"Consulter tous les articles de Bernard Peyr\u00e9\" target=\"_blank\" rel=\"noopener\">Bernard Peyr\u00e9<\/a><br \/>\n        <\/strong><\/p>\n<p>        Publi\u00e9 le<\/p>\n<p>            3 juin 2025 \u00e0 18h50        <\/p>\n<p>\u00ab\u2009On m\u2019a vol\u00e9 bien plus que du tissu. <b>On m\u2019a vol\u00e9 mon savoir-faire<\/b>, 18\u00a0ans de cr\u00e9ation, mon image\u2009\u00bb, se d\u00e9sole la <a href=\"https:\/\/www.instagram.com\/mary_antoinette_corset\/?hl=fr\" target=\"_blank\" rel=\"noopener\">cr\u00e9atrice de corsets<\/a> Vanessa Lauriola de<b> La Sauve <\/b>en Gironde, pr\u00e8s de <a href=\"https:\/\/actu.fr\/nouvelle-aquitaine\/bordeaux_33063\" target=\"_blank\" rel=\"noopener\">Bordeaux<\/a>. Le 22\u00a0mai 2025, alors qu\u2019elle se rendait \u00e0 <b>Paris<\/b> depuis Bordeaux, \u00e0 bord du <b>TGV<\/b>, sa valise contenant des corsets f\u00e9minins uniques, d\u2019une valeur estim\u00e9e \u00e0 environ <b>40\u2009000\u00a0euros<\/b>, a disparu raconte <a href=\"https:\/\/www.francebleu.fr\/infos\/insolite\/une-creatrice-de-mode-girondine-se-fait-voler-pour-40-000-euros-de-corsets-dans-un-tgv-bordeaux-paris-5102561\" target=\"_blank\" rel=\"noopener\">Ici Gironde<\/a>.<\/p>\n<p class=\" wall-content\">\u00ab\u2009Trente minutes avant d\u2019arriver \u00e0 la <b>gare Montparnasse<\/b>, j\u2019ai voulu prendre quelque chose dans la valise violette que j\u2019avais d\u00e9pos\u00e9e \u00e0 l\u2019espace bagage du train\u2009; elle n\u2019\u00e9tait plus l\u00e0\u2009\u00bb, confie \u00e0 <a href=\"https:\/\/actu.fr\/le-republicain-sud-gironde\/\" target=\"_blank\" rel=\"noopener\">actu.fr<\/a> la styliste qui a fond\u00e9 la marque de cr\u00e9ation <a href=\"https:\/\/mary-antoinette.com\/?fbclid=PAZXh0bgNhZW0CMTEAAac66zlnZItBRbiCtm7hq7eo3DDb14gwLWHodGxQHgVi6wyIcwfgXdkcG71Hpw_aem_66AjvO3GQs_1AzpfnVwA8A\" target=\"_blank\" rel=\"noopener\">Mary Antoinette<\/a>.<\/p>\n<p class=\" wall-content\">C\u2019est l\u2019angoisse. Vanessa Lauriola cherche partout, interroge les autres voyageurs, en vain. Un t\u00e9moin aurait vu une personne \u00ab\u2009descendre avec la valise violette entre Bordeaux et <b>Poitiers<\/b>\u2009\u00bb.<\/p>\n<p class=\" wall-content\"><a href=\"https:\/\/www.instagram.com\/p\/DFh7_LNIIdC\/embed\" title=\"Ouvrir le lien sur Instagram\" target=\"_blank\" rel=\"noopener\">Visualiser le contenu sur Instagram<\/a><\/p>\n<p>\u00ab\u2009Une trentaine de corsets uniques dans la valise\u2009\u00bb<\/p>\n<p class=\" wall-content\">\u00ab\u2009Ma valise n\u2019\u00e9tait pas ostentatoire, ajoute-t-elle. Elle contenait une trentaine de corsets uniques, des <b>prototypes inestimable<\/b>s, des corsets style XVIIIe, mes cartes de visite avec mon num\u00e9ro de t\u00e9l\u00e9phone. Je ne pense pas que ce soit une erreur.\u2009\u00bb<\/p>\n<blockquote class=\"ac-article-quote wall-content\">\n<p>J\u2019essaye de regarder devant, avec l\u2019espoir que les gendarmes retrouvent mes corsets.<\/p>\n<p>Vanessa Lauriola, cr\u00e9atrice<\/p><\/blockquote>\n<p class=\" wall-content\">La corseti\u00e8re girondine se rendait \u00e0 Paris pour pr\u00e9senter ses cr\u00e9ations \u00e0 un festival dans le milieu du <b>cabaret<\/b> et du <b>burlesque<\/b>. Elle d\u00e9veloppe des cr\u00e9ations sous la marque <a href=\"https:\/\/www.instagram.com\/marquyse.corset\/\" target=\"_blank\" rel=\"noopener\">marquyse.corset<\/a>.<\/p>\n<p class=\" wall-content\">Vanessa Lauriola a d\u00e9pos\u00e9 une plainte pour vol. La <a href=\"https:\/\/actu.fr\/?s=gendarmerie\" target=\"_blank\" rel=\"noopener\">gendarmerie<\/a> enqu\u00eate, visionne les images des <b>cam\u00e9ras de vid\u00e9osurveillance <\/b>des quais des gares d\u2019<b>Angoul\u00eame<\/b> et <b>Poitiers<\/b> o\u00f9 le train s\u2019est arr\u00eat\u00e9.<\/p>\n<p>Un appel \u00e0 t\u00e9moins est lanc\u00e9<\/p>\n<p class=\" wall-content\">Elle a lanc\u00e9 \u00e9galement un <b>appel \u00e0 t\u00e9moins <\/b>sur ses r\u00e9seaux sociaux \u2013 une story \u00ab\u2009Help\u2009\u00bb sur son <a href=\"https:\/\/www.instagram.com\/marquyse.corset\/?hl=fr\" target=\"_blank\" rel=\"noopener\">Instagram<\/a> \u2013 pour que les personnes qui tomberaient sur un de ses corsets, sur <b>un site de revente en ligne<\/b> (tel que Vinted ou le Bon Coin, par exemple), puissent la pr\u00e9venir.<\/p>\n<p class=\" wall-content\">Les jours passent, sans aucune nouvelle de la valise et de son pr\u00e9cieux contenu. Mais la cr\u00e9atrice de mode girondine garde espoir.<\/p>\n<p class=\" wall-content\">\u00ab\u2009J\u2019essaye de regarder devant, avec <b>l\u2019espoir que les gendarmes retrouvent mes corsets<\/b>, qu\u2019ils reviennent\u2026\u2009\u00bb<\/p>\n<p>Ses cr\u00e9ations sur les marches du festival de Cannes<\/p>\n<p class=\" wall-content\">Vanessa Lauriola cr\u00e9e des corsets modernes et des robes personnalis\u00e9es et sur-mesure, \u00ab\u2009100\u2009% fait en France, 100\u2009% \u00e0 la main\u2009\u00bb. La danseuse bordelaise <b>Vanessa Feuillatte<\/b> a port\u00e9 une de ses cr\u00e9ations au dernier Festival de Cannes.<\/p>\n<p class=\" wall-content\"><a href=\"https:\/\/www.instagram.com\/p\/DJ1SoA6s_d0\/embed\" title=\"Ouvrir le lien sur Instagram\" target=\"_blank\" rel=\"noopener\">Visualiser le contenu sur Instagram<\/a><\/p>\n<p class=\" wall-content\">Une telle cr\u00e9ation n\u00e9cessite de <b>200 \u00e0 300 heures de confection<\/b>. Dans sa valise vol\u00e9e, la corseti\u00e8re avait un projet pour la star am\u00e9ricaine <b>Sabrina Carpenter.<\/b><\/p>\n<p class=\" wall-content\">Vanessa Lauriola voit le corset \u00ab\u2009comme un symbole d\u2019\u00e9mancipation, de f\u00e9minit\u00e9 et d\u2019\u00e9l\u00e9gance\u2009\u00bb.<\/p>\n<p class=\" wall-content\">Suivez toute l\u2019actualit\u00e9 de vos villes et m\u00e9dias favoris en vous inscrivant \u00e0 <a href=\"https:\/\/moncompte.actu.fr\" title=\"D\u00e9couvez Mon Actu\" rel=\"nofollow noopener\" data-trk=\"{&quot;cta&quot;:{&quot;action&quot;:&quot;https:\\\/\\\/moncompte.actu.fr&quot;,&quot;category&quot;:&quot;mon compte&quot;,&quot;from&quot;:&quot;article footer&quot;,&quot;name&quot;:&quot;Mon actu&quot;,&quot;type&quot;:&quot;cta&quot;}}\" target=\"_blank\">Mon Actu<\/a>.<\/p>\n<p>                    <script async src=\"\/\/www.instagram.com\/embed.js\"><\/script><\/p>\n","protected":false},"excerpt":{"rendered":"Par Bernard Peyr\u00e9 Publi\u00e9 le 3 juin 2025 \u00e0 18h50 \u00ab\u2009On m\u2019a vol\u00e9 bien plus que du tissu.&hellip;\n","protected":false},"author":2,"featured_media":149451,"comment_status":"","ping_status":"","sticky":false,"template":"","format":"standard","meta":{"footnotes":""},"categories":[2817],"tags":[1111,11,4260,1997,1777,674,118,1011,27,3381,12,2219,25,2214],"class_list":{"0":"post-149450","1":"post","2":"type-post","3":"status-publish","4":"format-standard","5":"has-post-thumbnail","7":"category-bordeaux","8":"tag-actu","9":"tag-actualites","10":"tag-appel-a-temoins","11":"tag-bordeaux","12":"tag-eu","13":"tag-europe","14":"tag-faits-divers","15":"tag-fr","16":"tag-france","17":"tag-gendarmerie","18":"tag-news","19":"tag-nouvelle-aquitaine","20":"tag-republique-francaise","21":"tag-tgv"},"share_on_mastodon":{"url":"https:\/\/pubeurope.com\/@fr\/114620616442051769","error":""},"_links":{"self":[{"href":"https:\/\/www.europesays.com\/fr\/wp-json\/wp\/v2\/posts\/149450","targetHints":{"allow":["GET"]}}],"collection":[{"href":"https:\/\/www.europesays.com\/fr\/wp-json\/wp\/v2\/posts"}],"about":[{"href":"https:\/\/www.europesays.com\/fr\/wp-json\/wp\/v2\/types\/post"}],"author":[{"embeddable":true,"href":"https:\/\/www.europesays.com\/fr\/wp-json\/wp\/v2\/users\/2"}],"replies":[{"embeddable":true,"href":"https:\/\/www.europesays.com\/fr\/wp-json\/wp\/v2\/comments?post=149450"}],"version-history":[{"count":0,"href":"https:\/\/www.europesays.com\/fr\/wp-json\/wp\/v2\/posts\/149450\/revisions"}],"wp:featuredmedia":[{"embeddable":true,"href":"https:\/\/www.europesays.com\/fr\/wp-json\/wp\/v2\/media\/149451"}],"wp:attachment":[{"href":"https:\/\/www.europesays.com\/fr\/wp-json\/wp\/v2\/media?parent=149450"}],"wp:term":[{"taxonomy":"category","embeddable":true,"href":"https:\/\/www.europesays.com\/fr\/wp-json\/wp\/v2\/categories?post=149450"},{"taxonomy":"post_tag","embeddable":true,"href":"https:\/\/www.europesays.com\/fr\/wp-json\/wp\/v2\/tags?post=149450"}],"curies":[{"name":"wp","href":"https:\/\/api.w.org\/{rel}","templated":true}]}}