{"id":149460,"date":"2025-06-03T17:33:15","date_gmt":"2025-06-03T17:33:15","guid":{"rendered":"https:\/\/www.europesays.com\/fr\/149460\/"},"modified":"2025-06-03T17:33:15","modified_gmt":"2025-06-03T17:33:15","slug":"la-ligne-1-du-metro-de-lille-est-encore-a-larret-ce-mardi","status":"publish","type":"post","link":"https:\/\/www.europesays.com\/fr\/149460\/","title":{"rendered":"la ligne 1 du m\u00e9tro de Lille est encore \u00e0 l&rsquo;arr\u00eat ce mardi"},"content":{"rendered":"<p>            Par<br \/>\n        <strong><br \/>\n            <a href=\"https:\/\/actu.fr\/auteur\/nicolas-demollien\" title=\"Consulter tous les articles de Nicolas Demollien\" rel=\"nofollow noopener\" target=\"_blank\">Nicolas Demollien<\/a><br \/>\n        <\/strong><\/p>\n<p>        Publi\u00e9 le<\/p>\n<p>            3 juin 2025 \u00e0 16h16        <\/p>\n<p>\u00ab\u00a0Encore !\u00a0\u00bb se lassent les usagers de la<b> ligne 1 du m\u00e9tro<\/b> <a href=\"https:\/\/actu.fr\/tag\/ilevia\" rel=\"nofollow noopener\" target=\"_blank\">Il\u00e9via<\/a>, dans la m\u00e9tropole de <a href=\"https:\/\/actu.fr\/hauts-de-france\/lille_59350\" rel=\"nofollow noopener\" target=\"_blank\">Lille<\/a> (Nord). Ce mardi 3 juin 2025, une grande partie de la ligne est <b>\u00e0 nouveau interrompue<\/b>, ce qui provoque <b>\u00e0 nouveau le courroux des usagers<\/b>.<\/p>\n<p>La ligne 1 du m\u00e9tro Il\u00e9via encore interrompue ce mardi<\/p>\n<p class=\" wall-content\">Et ce d\u2019autant plus que de nombreux \u00e9tudiants doivent passer des examens ce jour, et se retrouvent en difficult\u00e9 pour se rendre sur place.\u00a0<\/p>\n<p class=\" wall-content\">La ligne est ainsi interrompue actuellement <b>entre les stations Fives \u00e0 Lille et 4 Cantons \u00e0 Villeneuve-d\u2019Ascq<\/b>.<\/p>\n<p class=\" wall-content\">L\u2019entreprise ne fournit que peu d\u2019informations sur le motif de cette nouvelle interruption. S\u2019agit-il encore d\u2019un probl\u00e8me avec le nouveau pilote automatique ? Myst\u00e8re.<\/p>\n<p class=\" wall-content\">Le trafic a reprise vers 15h15, apr\u00e8s deux heures d\u2019interruption.<\/p>\n<p>Vid\u00e9os : en ce moment sur ActuIl\u00e9via et Alstom convoqu\u00e9s pour \u00ab\u00a0s\u2019expliquer\u00a0\u00bb devant la MEL<\/p>\n<p class=\" wall-content\">Face \u00e0 ce nouveau couac, Damien Castelain, pr\u00e9sident de la M\u00e9tropole Europ\u00e9enne de Lille (MEL) s\u2019est agac\u00e9 dans un message sur X. \u00ab\u00a0Face aux pannes r\u00e9p\u00e9t\u00e9es sur la ligne 1, j\u2019ai convoqu\u00e9 Il\u00e9via et Alstom pour s\u2019expliquer devant les \u00e9lus m\u00e9tropolitains en commission Transport. Les m\u00e9tropolitains attendent des r\u00e9ponses claires, des solutions concr\u00e8tes et un vrai sursaut. Transparence et r\u00e9sultats sont exig\u00e9s.\u00a0\u00bb\u00a0<\/p>\n<p class=\" wall-content\">\n<p class=\" wall-content\">Suivez toute l\u2019actualit\u00e9 de vos villes et m\u00e9dias favoris en vous inscrivant \u00e0 <a href=\"https:\/\/moncompte.actu.fr\" title=\"D\u00e9couvez Mon Actu\" rel=\"nofollow noopener\" data-trk=\"{&quot;cta&quot;:{&quot;action&quot;:&quot;https:\\\/\\\/moncompte.actu.fr&quot;,&quot;category&quot;:&quot;mon compte&quot;,&quot;from&quot;:&quot;article footer&quot;,&quot;name&quot;:&quot;Mon actu&quot;,&quot;type&quot;:&quot;cta&quot;}}\" target=\"_blank\">Mon Actu<\/a>.<\/p>\n","protected":false},"excerpt":{"rendered":"Par Nicolas Demollien Publi\u00e9 le 3 juin 2025 \u00e0 16h16 \u00ab\u00a0Encore !\u00a0\u00bb se lassent les usagers de la&hellip;\n","protected":false},"author":2,"featured_media":149461,"comment_status":"","ping_status":"","sticky":false,"template":"","format":"standard","meta":{"footnotes":""},"categories":[2815],"tags":[1111,11,1777,674,1011,27,811,4288,1307,12,25,104],"class_list":{"0":"post-149460","1":"post","2":"type-post","3":"status-publish","4":"format-standard","5":"has-post-thumbnail","7":"category-lille","8":"tag-actu","9":"tag-actualites","10":"tag-eu","11":"tag-europe","12":"tag-fr","13":"tag-france","14":"tag-hauts-de-france","15":"tag-ilevia","16":"tag-lille","17":"tag-news","18":"tag-republique-francaise","19":"tag-societe"},"share_on_mastodon":{"url":"https:\/\/pubeurope.com\/@fr\/114620635908605438","error":""},"_links":{"self":[{"href":"https:\/\/www.europesays.com\/fr\/wp-json\/wp\/v2\/posts\/149460","targetHints":{"allow":["GET"]}}],"collection":[{"href":"https:\/\/www.europesays.com\/fr\/wp-json\/wp\/v2\/posts"}],"about":[{"href":"https:\/\/www.europesays.com\/fr\/wp-json\/wp\/v2\/types\/post"}],"author":[{"embeddable":true,"href":"https:\/\/www.europesays.com\/fr\/wp-json\/wp\/v2\/users\/2"}],"replies":[{"embeddable":true,"href":"https:\/\/www.europesays.com\/fr\/wp-json\/wp\/v2\/comments?post=149460"}],"version-history":[{"count":0,"href":"https:\/\/www.europesays.com\/fr\/wp-json\/wp\/v2\/posts\/149460\/revisions"}],"wp:featuredmedia":[{"embeddable":true,"href":"https:\/\/www.europesays.com\/fr\/wp-json\/wp\/v2\/media\/149461"}],"wp:attachment":[{"href":"https:\/\/www.europesays.com\/fr\/wp-json\/wp\/v2\/media?parent=149460"}],"wp:term":[{"taxonomy":"category","embeddable":true,"href":"https:\/\/www.europesays.com\/fr\/wp-json\/wp\/v2\/categories?post=149460"},{"taxonomy":"post_tag","embeddable":true,"href":"https:\/\/www.europesays.com\/fr\/wp-json\/wp\/v2\/tags?post=149460"}],"curies":[{"name":"wp","href":"https:\/\/api.w.org\/{rel}","templated":true}]}}