{"id":149468,"date":"2025-06-03T17:37:11","date_gmt":"2025-06-03T17:37:11","guid":{"rendered":"https:\/\/www.europesays.com\/fr\/149468\/"},"modified":"2025-06-03T17:37:11","modified_gmt":"2025-06-03T17:37:11","slug":"le-reseau-sagrandit-avec-33-stations-supplementaires","status":"publish","type":"post","link":"https:\/\/www.europesays.com\/fr\/149468\/","title":{"rendered":"le r\u00e9seau s\u2019agrandit avec 33 stations suppl\u00e9mentaires"},"content":{"rendered":"<p>33 nouvelles stations V\u00e9lo\u2019v vont \u00eatre d\u00e9ploy\u00e9es sur le territoire m\u00e9tropolitain. Elles seront install\u00e9es d\u2019ici le 1er trimestre 2026 dans 7 communes de la M\u00e9tropole, dont 3 nouvelles, Champagne-au-Mont-d\u2019Or, Chassieu et Saint-Germain-au-Mont-d\u2019Or. La 1re d\u2019entre elles, situ\u00e9e entre les communes de Saint-Fons et V\u00e9nissieux, rue des Clochettes\/Boulevard Yves-Farge, sur le trac\u00e9 de la VL7, a \u00e9t\u00e9 inaugur\u00e9e ce mardi 03 juin, \u00ab Journ\u00e9e mondiale de la bicyclette\u00a0\u00bb.<\/p>\n<p>\u00ab L\u2019extension du service V\u00e9lo\u2019V a d\u2019abord \u00e9t\u00e9 orient\u00e9e vers les lieux denses en population, l\u00e0 o\u00f9 il n\u2019existait pas ou peu de stations, afin de rattraper le retard structurel de certaines zones, notamment les collines avec 12 nouvelles stations qui y seront install\u00e9es et les Quartiers Prioritaires de la Ville (QPV) avec 14 nouvelles stations dans des quartiers historiquement sous-dot\u00e9s en stations. Nous avons \u00e9galement souhait\u00e9 rajouter des stations l\u00e0 o\u00f9 les Voies Lyonnaises et les projets de transports sont en passe de se terminer\u00a0\u00bb, a indiqu\u00e9 Bruno Bernard, pr\u00e9sident de la M\u00e9tropole de Lyon, dans son intervention.<\/p>\n<p>\u00ab Cette initiative vise \u00e0 faciliter l\u2019acc\u00e8s aux v\u00e9los en libre-service et \u00e0 promouvoir une mobilit\u00e9 douce dans la M\u00e9tropole de Lyon et sur nos deux communes. L\u2019extension des stations sur les voies cyclables est un pas important pour encourager les d\u00e9placements \u00e0 v\u00e9lo, am\u00e9liorer la s\u00e9curit\u00e9 des cyclistes et r\u00e9duire la circulation automobile\u00a0\u00bb, ont r\u00e9agi de leur c\u00f4t\u00e9 Mich\u00e8le Picard, maire de V\u00e9nissieux, et Christian Duch\u00eane, maire de Saint-Fons.<\/p>\n<p>A l\u2019horizon 2026, V\u00e9nissieux va ainsi pouvoir h\u00e9berger 11 stations V\u00e9lo\u2019V et Saint-Fons 7 stations V\u00e9lo\u2019V. Pour cette op\u00e9ration d\u2019extension, la M\u00e9tropole de Lyon a d\u00e9bours\u00e9 la somme de 700\u00a0000\u00a0\u20ac, \u00ab le reste \u00e9tant financ\u00e9 par les abonnements de nos usagers et la publicit\u00e9 sur notre mobilier urbain\u00a0\u00bb, dixit Laurent Vaudoyer, directeur r\u00e9gional Rh\u00f4ne-Alpes JCDecaux.<\/p>\n","protected":false},"excerpt":{"rendered":"33 nouvelles stations V\u00e9lo\u2019v vont \u00eatre d\u00e9ploy\u00e9es sur le territoire m\u00e9tropolitain. Elles seront install\u00e9es d\u2019ici le 1er trimestre&hellip;\n","protected":false},"author":2,"featured_media":149469,"comment_status":"","ping_status":"","sticky":false,"template":"","format":"standard","meta":{"footnotes":""},"categories":[1889],"tags":[1111,11,2430,3152,2757,3153,3154,436,1777,674,107,1011,27,9588,2428,2800,12,25,2429,4375,4407],"class_list":{"0":"post-149468","1":"post","2":"type-post","3":"status-publish","4":"format-standard","5":"has-post-thumbnail","7":"category-lyon","8":"tag-actu","9":"tag-actualites","10":"tag-auvergne-rhone-alpes","11":"tag-edition-est-lyonnais","12":"tag-edition-lyon-villeurbanne","13":"tag-edition-ouest-lyonnais","14":"tag-edition-sud-lyonnais","15":"tag-environnement","16":"tag-eu","17":"tag-europe","18":"tag-fil-info","19":"tag-fr","20":"tag-france","21":"tag-ici-on-agit","22":"tag-lyon","23":"tag-metropole","24":"tag-news","25":"tag-republique-francaise","26":"tag-rhone","27":"tag-venissieux","28":"tag-venissieux-bassin"},"share_on_mastodon":{"url":"https:\/\/pubeurope.com\/@fr\/114620651610340022","error":""},"_links":{"self":[{"href":"https:\/\/www.europesays.com\/fr\/wp-json\/wp\/v2\/posts\/149468","targetHints":{"allow":["GET"]}}],"collection":[{"href":"https:\/\/www.europesays.com\/fr\/wp-json\/wp\/v2\/posts"}],"about":[{"href":"https:\/\/www.europesays.com\/fr\/wp-json\/wp\/v2\/types\/post"}],"author":[{"embeddable":true,"href":"https:\/\/www.europesays.com\/fr\/wp-json\/wp\/v2\/users\/2"}],"replies":[{"embeddable":true,"href":"https:\/\/www.europesays.com\/fr\/wp-json\/wp\/v2\/comments?post=149468"}],"version-history":[{"count":0,"href":"https:\/\/www.europesays.com\/fr\/wp-json\/wp\/v2\/posts\/149468\/revisions"}],"wp:featuredmedia":[{"embeddable":true,"href":"https:\/\/www.europesays.com\/fr\/wp-json\/wp\/v2\/media\/149469"}],"wp:attachment":[{"href":"https:\/\/www.europesays.com\/fr\/wp-json\/wp\/v2\/media?parent=149468"}],"wp:term":[{"taxonomy":"category","embeddable":true,"href":"https:\/\/www.europesays.com\/fr\/wp-json\/wp\/v2\/categories?post=149468"},{"taxonomy":"post_tag","embeddable":true,"href":"https:\/\/www.europesays.com\/fr\/wp-json\/wp\/v2\/tags?post=149468"}],"curies":[{"name":"wp","href":"https:\/\/api.w.org\/{rel}","templated":true}]}}