{"id":149480,"date":"2025-06-03T17:43:09","date_gmt":"2025-06-03T17:43:09","guid":{"rendered":"https:\/\/www.europesays.com\/fr\/149480\/"},"modified":"2025-06-03T17:43:09","modified_gmt":"2025-06-03T17:43:09","slug":"une-nouvelle-tentative-de-destabilisation-etrangere","status":"publish","type":"post","link":"https:\/\/www.europesays.com\/fr\/149480\/","title":{"rendered":"une nouvelle tentative de d\u00e9stabilisation \u00e9trang\u00e8re\u00a0?"},"content":{"rendered":"<p>            Par<br \/>\n        <strong><br \/>\n            <a href=\"https:\/\/actu.fr\/auteur\/redaction-paris\" title=\"Consulter tous les articles de R\u00e9daction Paris\" target=\"_blank\" rel=\"noopener\">R\u00e9daction Paris<\/a><br \/>\n        <\/strong><\/p>\n<p>        Publi\u00e9 le<\/p>\n<p>            3 juin 2025 \u00e0 19h32        <\/p>\n<p>Une <a href=\"https:\/\/actu.fr\/ile-de-france\/paris_75056\/memorial-de-la-shoah-tague-a-paris-les-services-secrets-russes-derriere-les-graffitis_61096876.html\" target=\"_blank\" rel=\"noopener\">nouvelle man\u0153uvre de d\u00e9stabilisation<\/a> venue de l\u2019\u00e9tranger\u2009? Les trois hommes soup\u00e7onn\u00e9s d\u2019avoir <a href=\"https:\/\/actu.fr\/ile-de-france\/paris_75056\/on-sait-ou-ca-commence-a-paris-jets-de-peinture-verte-sur-deux-synagogues-et-le-memorial-de-la-shoah_62711653.html\" target=\"_blank\" rel=\"noopener\">asperg\u00e9 de peinture de couleur verte <strong>plusieurs lieux juifs<\/strong><\/a> \u00e0 <a href=\"https:\/\/actu.fr\/paris\/\" target=\"_blank\" rel=\"noopener\">Paris<\/a>, dont le <a href=\"https:\/\/actu.fr\/tag\/memorial-de-la-shoah\" target=\"_blank\" rel=\"noopener\">M\u00e9morial de la Shoah<\/a>, dans la nuit de vendredi\u00a030 au samedi 31\u00a0mai 2025, sont tous de <strong>nationalit\u00e9 serbe<\/strong>, a-t-on appris mardi de source proche du dossier. Ils ont \u00e9t\u00e9 interpell\u00e9s dans les <a href=\"https:\/\/actu.fr\/provence-alpes-cote-d-azur\/alpes-maritimes_06\" target=\"_blank\" rel=\"noopener\">Alpes-Maritimes<\/a>, selon cette m\u00eame source, confirmant une information du journal <a href=\"https:\/\/www.lefigaro.fr\/actualite-france\/jets-de-peinture-verte-sur-des-lieux-juifs-les-suspects-interpelles-sont-des-ressortissants-serbes-20250602\" target=\"_blank\" rel=\"noopener\">Le Figaro<\/a>. Les suspects s\u2019appr\u00eataient \u00e0 quitter le territoire au moment de leur arrestation, avait pr\u00e9cis\u00e9 lundi \u00e0 l\u2019AFP une source proche de l\u2019enqu\u00eate.<\/p>\n<p>Plusieurs lieux d\u00e9grad\u00e9s \u00e0 Paris<\/p>\n<p class=\" wall-content\">Dans la nuit de vendredi \u00e0 samedi, le <a href=\"https:\/\/actu.fr\/ile-de-france\/paris_75056\/le-memorial-de-la-shoah-a-paris-ajoute-94-nouveaux-noms-sur-le-mur-des-justes_51337376.html\" target=\"_blank\" rel=\"noopener\">Mur des Justes<\/a> du M\u00e9morial de la Shoah, deux synagogues et un restaurant de la communaut\u00e9 juive, situ\u00e9s dans le 4e arrondissement de la capitale, ont \u00e9t\u00e9 asperg\u00e9s de peinture de couleur verte, ainsi qu\u2019une synagogue dans le 20e arrondissement.<\/p>\n<p class=\" wall-content\">Les faits ont \u00e9t\u00e9 d\u00e9couverts au petit matin par des policiers en patrouille et l\u2019enqu\u00eate confi\u00e9e par le <a href=\"https:\/\/actu.fr\/tag\/tribunal-de-paris\" target=\"_blank\" rel=\"noopener\">parquet de Paris<\/a> \u00e0 la S\u00fbret\u00e9 territoriale pour \u00ab\u2009d\u00e9gradations commises en raison de la religion\u2009\u00bb. Les cam\u00e9ras de surveillance du M\u00e9morial ainsi que de deux synagogues ont capt\u00e9 des images de <strong>plusieurs hommes v\u00eatus de noir<\/strong>. Aucun message ni revendication n\u2019a \u00e9t\u00e9 trouv\u00e9 sur les lieux pris pour cible.<\/p>\n<p>Une op\u00e9ration command\u00e9e de l\u2019\u00e9tranger\u2009?<\/p>\n<p class=\" wall-content\">La piste d\u2019une <strong>op\u00e9ration de d\u00e9stabilisation<\/strong> venue de l\u2019\u00e9tranger, \u00e0 l\u2019image de celle des \u00ab<a href=\"https:\/\/actu.fr\/ile-de-france\/paris_75056\/des-actes-inqualifiables-le-memorial-de-la-shoah-vandalise-a-paris-anne-hidalgo-saisit-le-procureur_61062957.html\" target=\"_blank\" rel=\"noopener\">\u2009mains rouges<\/a>\u2009\u00bb de mai\u00a02024 est envisag\u00e9e par les enqu\u00eateurs, selon une source proche du dossier.<\/p>\n<p class=\" wall-content\">Dans <a href=\"https:\/\/actu.fr\/ile-de-france\/paris_75056\/memorial-de-la-shoah-tague-a-paris-une-information-judiciaire-ouverte_61117153.html\" target=\"_blank\" rel=\"noopener\">cette affaire<\/a>, trois Bulgares, soup\u00e7onn\u00e9s de les avoir peintes, ont \u00e9t\u00e9 <a href=\"https:\/\/actu.fr\/ile-de-france\/paris_75056\/mains-rouges-taguees-sur-le-memorial-de-la-shoah-a-paris-une-personne-incarceree_61708188.html\" target=\"_blank\" rel=\"noopener\">mis en examen et plac\u00e9s en d\u00e9tention provisoire<\/a> en fin d\u2019ann\u00e9e derni\u00e8re. Les tags de \u00ab\u2009mains rouges\u2009\u00bb, symbole pouvant \u00eatre li\u00e9 au lynchage de soldats isra\u00e9liens \u00e0 Ramallah en 2000, ont \u00e9t\u00e9 analys\u00e9s par les services de s\u00e9curit\u00e9 comme une <strong>op\u00e9ration d\u2019ing\u00e9rence<\/strong> de la part de Russophones.<br \/>\u00c0 l\u2019automne 2023, <a href=\"https:\/\/actu.fr\/ile-de-france\/paris_75056\/soutenir-les-juifs-les-etranges-explications-du-commanditaire-des-tags-d-etoiles-de-david_60316872.html\" target=\"_blank\" rel=\"noopener\">deux Moldaves ont \u00e9t\u00e9 interpell\u00e9s<\/a> pour avoir <a href=\"https:\/\/actu.fr\/ile-de-france\/paris_75056\/actes-antisemites-a-paris-une-soixantaine-d-etoiles-de-david-taguees-sur-des-murs_60276060.html\" target=\"_blank\" rel=\"noopener\">tagu\u00e9 des \u00e9toiles de David<\/a> sur des fa\u00e7ades d\u2019immeubles parisiens, dans une autre op\u00e9ration pr\u00e9sum\u00e9e d\u2019ing\u00e9rence.<\/p>\n<p>Vid\u00e9os : en ce moment sur Actu<\/p>\n<p class=\" wall-content\"><strong>Avec AFP<\/strong><\/p>\n<p class=\" wall-content\">Suivez toute l\u2019actualit\u00e9 de vos villes et m\u00e9dias favoris en vous inscrivant \u00e0 <a href=\"https:\/\/moncompte.actu.fr\" title=\"D\u00e9couvez Mon Actu\" rel=\"nofollow noopener\" data-trk=\"{&quot;cta&quot;:{&quot;action&quot;:&quot;https:\\\/\\\/moncompte.actu.fr&quot;,&quot;category&quot;:&quot;mon compte&quot;,&quot;from&quot;:&quot;article footer&quot;,&quot;name&quot;:&quot;Mon actu&quot;,&quot;type&quot;:&quot;cta&quot;}}\" target=\"_blank\">Mon Actu<\/a>.<\/p>\n<ul class=\"ac-article-tag wall-content\">\n<li><a href=\"https:\/\/actu.fr\/tag\/antisemitisme\" data-trk=\"{&quot;cta&quot;:{&quot;action&quot;:&quot;Antis\\u00e9mitisme&quot;,&quot;category&quot;:&quot;tag&quot;,&quot;from&quot;:&quot;article footer&quot;,&quot;name&quot;:&quot;Antis\\u00e9mitisme&quot;,&quot;type&quot;:&quot;cta&quot;}}\" target=\"_blank\" rel=\"noopener\">#Antis\u00e9mitisme<\/a><\/li>\n<li><a href=\"https:\/\/actu.fr\/tag\/memorial-de-la-shoah\" data-trk=\"{&quot;cta&quot;:{&quot;action&quot;:&quot;M\\u00e9morial de la Shoah&quot;,&quot;category&quot;:&quot;tag&quot;,&quot;from&quot;:&quot;article footer&quot;,&quot;name&quot;:&quot;M\\u00e9morial de la Shoah&quot;,&quot;type&quot;:&quot;cta&quot;}}\" target=\"_blank\" rel=\"noopener\">#M\u00e9morial de la Shoah<\/a><\/li>\n<\/ul>\n","protected":false},"excerpt":{"rendered":"Par R\u00e9daction Paris Publi\u00e9 le 3 juin 2025 \u00e0 19h32 Une nouvelle man\u0153uvre de d\u00e9stabilisation venue de l\u2019\u00e9tranger\u2009?&hellip;\n","protected":false},"author":2,"featured_media":149481,"comment_status":"","ping_status":"","sticky":false,"template":"","format":"standard","meta":{"footnotes":""},"categories":[1888],"tags":[11,6155,1777,674,1011,27,17056,12,626,25,104],"class_list":{"0":"post-149480","1":"post","2":"type-post","3":"status-publish","4":"format-standard","5":"has-post-thumbnail","7":"category-paris","8":"tag-actualites","9":"tag-antisemitisme","10":"tag-eu","11":"tag-europe","12":"tag-fr","13":"tag-france","14":"tag-memorial-de-la-shoah","15":"tag-news","16":"tag-paris","17":"tag-republique-francaise","18":"tag-societe"},"share_on_mastodon":{"url":"https:\/\/pubeurope.com\/@fr\/114620675203812911","error":""},"_links":{"self":[{"href":"https:\/\/www.europesays.com\/fr\/wp-json\/wp\/v2\/posts\/149480","targetHints":{"allow":["GET"]}}],"collection":[{"href":"https:\/\/www.europesays.com\/fr\/wp-json\/wp\/v2\/posts"}],"about":[{"href":"https:\/\/www.europesays.com\/fr\/wp-json\/wp\/v2\/types\/post"}],"author":[{"embeddable":true,"href":"https:\/\/www.europesays.com\/fr\/wp-json\/wp\/v2\/users\/2"}],"replies":[{"embeddable":true,"href":"https:\/\/www.europesays.com\/fr\/wp-json\/wp\/v2\/comments?post=149480"}],"version-history":[{"count":0,"href":"https:\/\/www.europesays.com\/fr\/wp-json\/wp\/v2\/posts\/149480\/revisions"}],"wp:featuredmedia":[{"embeddable":true,"href":"https:\/\/www.europesays.com\/fr\/wp-json\/wp\/v2\/media\/149481"}],"wp:attachment":[{"href":"https:\/\/www.europesays.com\/fr\/wp-json\/wp\/v2\/media?parent=149480"}],"wp:term":[{"taxonomy":"category","embeddable":true,"href":"https:\/\/www.europesays.com\/fr\/wp-json\/wp\/v2\/categories?post=149480"},{"taxonomy":"post_tag","embeddable":true,"href":"https:\/\/www.europesays.com\/fr\/wp-json\/wp\/v2\/tags?post=149480"}],"curies":[{"name":"wp","href":"https:\/\/api.w.org\/{rel}","templated":true}]}}