{"id":149511,"date":"2025-06-03T18:00:13","date_gmt":"2025-06-03T18:00:13","guid":{"rendered":"https:\/\/www.europesays.com\/fr\/149511\/"},"modified":"2025-06-03T18:00:13","modified_gmt":"2025-06-03T18:00:13","slug":"drugovich-pret-a-remplacer-stroll-au-grand-prix-du-canada","status":"publish","type":"post","link":"https:\/\/www.europesays.com\/fr\/149511\/","title":{"rendered":"Drugovich pr\u00eat \u00e0 remplacer Stroll au Grand Prix du Canada"},"content":{"rendered":"<p>Felipe Drugovich pourrait participer \u00e0 son premier Grand Prix de <a href=\"https:\/\/www.autohebdo.fr\/actualites\/f1\" data-internallinksmanager029f6b8e52c=\"1\" title=\"F1\" target=\"_blank\" rel=\"noopener\">Formule 1<\/a> au Canada, le 15 juin prochain, si tel venait \u00e0 \u00eatre le choix d\u2019<a href=\"https:\/\/www.autohebdo.fr\/actualites\/ecurie\/aston-martin\" data-internallinksmanager029f6b8e52c=\"77\" title=\"Ecurie Aston Martin F1 Team\" target=\"_blank\" rel=\"noopener\">Aston Martin<\/a>. Le Br\u00e9silien ferait l\u2019impasse sur une seconde participation cons\u00e9cutive aux <a href=\"https:\/\/www.autohebdo.fr\/actualites\/endurance\/wec\/24-h-le-mans\" data-internallinksmanager029f6b8e52c=\"56\" title=\"24h du mans\" target=\"_blank\" rel=\"noopener\">24H du Mans<\/a>, pr\u00e9vue aux c\u00f4t\u00e9s de Jack Aitken et Frederik Vesti au volant de la Cadillac n\u00b0311. \u00ab\u00a0Avant toute chose, il faut souhaiter le meilleur \u00e0 Lance [<a href=\"https:\/\/www.autohebdo.fr\/pilote\/f1\/lance-stroll\" data-internallinksmanager029f6b8e52c=\"48\" title=\"Lance Stroll\" target=\"_blank\" rel=\"noopener\">Stroll<\/a>]. Pour Le Mans, la Formule 1 a toujours \u00e9t\u00e9 ma priorit\u00e9 et je la maintiens\u00a0\u00bb, annon\u00e7ait le champion 2022 de <a href=\"https:\/\/www.autohebdo.fr\/actualites\/monoplace\/formule-2\" data-internallinksmanager029f6b8e52c=\"14\" title=\"Formule 2\" target=\"_blank\" rel=\"noopener\">Formule 2<\/a> au journaliste Thiago Fagnani, de la cha\u00eene br\u00e9silienne Band.<\/p>\n<p>Forfait \u00e0 la veille du Grand Prix d\u2019Espagne dimanche dernier, Lance Stroll subira dans les prochains jours une op\u00e9ration au poignet pour soulager des douleurs apparues lors des derni\u00e8res semaines, li\u00e9es \u00e0 un \u00e9v\u00e8nement encore plus ancien. Victime d\u2019une fracture et d\u2019un d\u00e9placement du poignet droit ainsi que d\u2019une fracture partielle de la main droite apr\u00e8s un accident de VTT en f\u00e9vrier 2023, il avait d\u00e9j\u00e0 \u00e9t\u00e9 op\u00e9r\u00e9, l\u2019emp\u00eachant de prendre part aux essais de pr\u00e9-saison la m\u00eame ann\u00e9e.<\/p>\n<p><strong>L\u2019occasion r\u00eav\u00e9e pour Drugovich de faire ses d\u00e9buts en Formule 1<\/strong><\/p>\n<p>Premier membre du programme de d\u00e9veloppement de jeunes pilotes, et depuis 2022, pilote de r\u00e9serve et de simulateur d\u2019Aston Martin, Felipe Drugovich a depuis accumul\u00e9 du temps de roulage avec l\u2019\u00e9curie britannique. Il a pris part aux trois derniers tests d\u2019apr\u00e8s-saison et a pu essay\u00e9 les pneus Pirelli 2026 en septembre dernier. Cette ann\u00e9e, \u00e0 Bahre\u00efn, lors de la derni\u00e8re de ses sept s\u00e9ances d\u2019essais avec Aston Martin, il avait termin\u00e9 \u00e0 82 milli\u00e8mes de celui qu\u2019il pourrait supplanter sur ses terres. Si Lance Stroll devait \u00eatre remplac\u00e9 au Canada, Drugovich appara\u00eet donc comme un premier choix logique pour l\u2019\u00e9quipe anglaise.<\/p>\n<p>\u00c0 Barcelone, Mike Krack, directeur ex\u00e9cutif des activit\u00e9s en piste d\u2019Aston Martin, a d\u00e9taill\u00e9 les douleurs ressenties par le pilote canadien tout au long du week-end : \u00ab\u00a0Ces derni\u00e8res semaines, il n\u2019arr\u00eatait pas de parler de douleurs. Je suis s\u00fbr qu\u2019il souffrait beaucoup plus qu\u2019il ne le disait. La situation s\u2019est aggrav\u00e9e jusqu\u2019\u00e0 ce qu\u2019il nous dise \u2018Je dois me faire examiner\u2019 apr\u00e8s les qualifications.\u00a0\u00bb<\/p>\n<p>Le communiqu\u00e9 de presse de l\u2019\u00e9curie ne pr\u00e9cise pas la dur\u00e9e de son absence. Il pourrait cependant manquer son GP \u00e0 domicile dans deux semaines, sur le circuit Gilles-Villeneuve de Montr\u00e9al. Pour rappel, le m\u00eame laps de temps s\u00e9parait son accident de v\u00e9lo de sa sixi\u00e8me place au Grand Prix de Bahre\u00efn en 2023.<\/p>\n<p><b>\u00c0 LIRE AUSSI &gt; <a href=\"https:\/\/www.autohebdo.fr\/actualites\/f1\/qui-pourrait-remplacer-lance-stroll-chez-aston-martin-au-canada.html#:~:text=Une%20absence%20de%20Stroll%20pourrait,choix%20logique%20pour%20le%20remplacer.\" target=\"_blank\" rel=\"noopener\">Qui pourrait remplacer Lance Stroll chez Aston Martin au Canada ?<\/a><\/b><\/p>\n","protected":false},"excerpt":{"rendered":"Felipe Drugovich pourrait participer \u00e0 son premier Grand Prix de Formule 1 au Canada, le 15 juin prochain,&hellip;\n","protected":false},"author":2,"featured_media":149512,"comment_status":"","ping_status":"","sticky":false,"template":"","format":"standard","meta":{"footnotes":""},"categories":[1412],"tags":[1709,27880,1451,1452,1453,1454,27881,1455,1011,27,2246,27882,60,10097,12993,27883],"class_list":{"0":"post-149511","1":"post","2":"type-post","3":"status-publish","4":"format-standard","5":"has-post-thumbnail","7":"category-f1","8":"tag-aston-martin","9":"tag-aston-martin-f1","10":"tag-f1","11":"tag-formula-1","12":"tag-formula1","13":"tag-formule-1","14":"tag-formule-2","15":"tag-formule1","16":"tag-fr","17":"tag-france","18":"tag-lance-stroll","19":"tag-lawrence-stroll","20":"tag-sports","21":"tag-stroll","22":"tag-wec","23":"tag-wec-2025"},"share_on_mastodon":{"url":"https:\/\/pubeurope.com\/@fr\/114620741927509210","error":""},"_links":{"self":[{"href":"https:\/\/www.europesays.com\/fr\/wp-json\/wp\/v2\/posts\/149511","targetHints":{"allow":["GET"]}}],"collection":[{"href":"https:\/\/www.europesays.com\/fr\/wp-json\/wp\/v2\/posts"}],"about":[{"href":"https:\/\/www.europesays.com\/fr\/wp-json\/wp\/v2\/types\/post"}],"author":[{"embeddable":true,"href":"https:\/\/www.europesays.com\/fr\/wp-json\/wp\/v2\/users\/2"}],"replies":[{"embeddable":true,"href":"https:\/\/www.europesays.com\/fr\/wp-json\/wp\/v2\/comments?post=149511"}],"version-history":[{"count":0,"href":"https:\/\/www.europesays.com\/fr\/wp-json\/wp\/v2\/posts\/149511\/revisions"}],"wp:featuredmedia":[{"embeddable":true,"href":"https:\/\/www.europesays.com\/fr\/wp-json\/wp\/v2\/media\/149512"}],"wp:attachment":[{"href":"https:\/\/www.europesays.com\/fr\/wp-json\/wp\/v2\/media?parent=149511"}],"wp:term":[{"taxonomy":"category","embeddable":true,"href":"https:\/\/www.europesays.com\/fr\/wp-json\/wp\/v2\/categories?post=149511"},{"taxonomy":"post_tag","embeddable":true,"href":"https:\/\/www.europesays.com\/fr\/wp-json\/wp\/v2\/tags?post=149511"}],"curies":[{"name":"wp","href":"https:\/\/api.w.org\/{rel}","templated":true}]}}