{"id":149515,"date":"2025-06-03T18:02:12","date_gmt":"2025-06-03T18:02:12","guid":{"rendered":"https:\/\/www.europesays.com\/fr\/149515\/"},"modified":"2025-06-03T18:02:12","modified_gmt":"2025-06-03T18:02:12","slug":"pierre-menes-navait-jamais-vu-ca-depuis-longtemps","status":"publish","type":"post","link":"https:\/\/www.europesays.com\/fr\/149515\/","title":{"rendered":"Pierre M\u00e9n\u00e8s n&rsquo;avait jamais vu \u00e7a depuis longtemps !"},"content":{"rendered":"<p>Face \u00e0 l\u2019Inter Milan, le PSG n\u2019a pas trembl\u00e9 samedi soir \u00e0 Munich. Dominateurs du d\u00e9but \u00e0 la fin, les Parisiens ont fait qu\u2019une bouch\u00e9e des Italiens, permettant ainsi au club de la capitale de rentrer dans l\u2019histoire avec une premi\u00e8re Ligue des champions.<\/p>\n<p>Et si Paris s\u2019est impos\u00e9, c\u2019est notamment gr\u00e2ce \u00e0 son excellent milieu de terrain. Compos\u00e9 de Vitinha, Neves et Fabian Ruiz, le c\u0153ur du jeu parisien fonctionne tr\u00e8s bien depuis le d\u00e9but de la saison. Et selon Pierre M\u00e9n\u00e8s, on n\u2019avait pas vu un milieu de petite taille aussi bon dans la r\u00e9cup\u00e9ration depuis Xavi \u2013 Iniesta. \u00ab\u00a0Un milieu de petite taille dominateur ? On n\u2019avait pas vu cela depuis la doublette Xavi \u2013 Iniesta au Bar\u00e7a. J\u2019ai pu trouver que le milieu \u00e9tait un peu l\u00e9ger au d\u00e9but de saison, car Za\u00efre-Emery \u00e9tait devant Fabian Ruiz. Ce milieu est efficace, car le PSG a des lat\u00e9raux qui participent au jeu et apportent du surnombre au milieu. C\u2019est un travail collectif.\u00a0\u00bb<\/p>\n<p><img loading=\"lazy\" data-lazyloaded=\"1\" width=\"72\" height=\"72\" decoding=\"async\" src=\"https:\/\/www.europesays.com\/fr\/wp-content\/uploads\/2025\/06\/1f525.png\" alt=\"\ud83d\udd25\" class=\"wp-smiley\" style=\"height: 1em; max-height: 1em;\"\/>\u00a0 \u00c0 ne pas manquer<\/p>\n<ul class=\"liste-articles-sim\">\n<li><a href=\"https:\/\/allezparis.fr\/medias\/psg-pierre-menes-a-un-bon-pressentiment-pour-le-mercato-41818\" rel=\"nofollow noopener\" target=\"_blank\">PSG : Pierre M\u00e9n\u00e8s a un bon pressentiment pour le mercato !<\/a><\/li>\n<li><a href=\"https:\/\/allezparis.fr\/coupes\/ligue-des-champions\/psg-inter-pierre-menes-et-le-detail-qui-peut-tout-changer-41559\" rel=\"nofollow noopener\" target=\"_blank\">PSG -Inter : Pierre M\u00e9n\u00e8s et le d\u00e9tail qui peut tout changer !<\/a><\/li>\n<\/ul>\n<p>Fabian Ruiz, la touche finale<\/p>\n<p>L\u2019ancien chroniqueur du Canal Football Club estime que Fabian Ruiz, gr\u00e2ce \u00e0 sa grande taille, apporte un vrai plus \u00e0 ce milieu de terrain. \u00ab\u00a0Il n\u2019est pas tr\u00e8s athl\u00e9tique, mais il a un gabarit nettement sup\u00e9rieur \u00e0 celui de Neves et Vitinha. Il est entr\u00e9 dans un milieu compl\u00e9mentaire.\u00a0\u00bb<\/p>\n<p>Nul doute que le <a href=\"https:\/\/allezparis.fr\/cat\/actu-psg\" rel=\"nofollow noopener\" target=\"_blank\">PSG<\/a> dispose actuellement d\u2019un des meilleurs milieux en Europe, si ce n\u2019est le meilleur. Avec le retour en forme de Fabian Ruiz en d\u00e9but d\u2019ann\u00e9e, aucune \u00e9quipe n\u2019a r\u00e9ussi \u00e0 prendre le dessus, que cela soit Arsenal, Liverpool, Manchester City ou encore l\u2019Inter Milan.<\/p>\n<p>Pub.\tle 03\/06\/2025 &#8211; 18:30<\/p>\n","protected":false},"excerpt":{"rendered":"Face \u00e0 l\u2019Inter Milan, le PSG n\u2019a pas trembl\u00e9 samedi soir \u00e0 Munich. Dominateurs du d\u00e9but \u00e0 la&hellip;\n","protected":false},"author":2,"featured_media":149516,"comment_status":"","ping_status":"","sticky":false,"template":"","format":"standard","meta":{"footnotes":""},"categories":[1410],"tags":[63,1011,27,27885,93,60],"class_list":{"0":"post-149515","1":"post","2":"type-post","3":"status-publish","4":"format-standard","5":"has-post-thumbnail","7":"category-football","8":"tag-football","9":"tag-fr","10":"tag-france","11":"tag-pierre-menes","12":"tag-psg","13":"tag-sports"},"share_on_mastodon":{"url":"https:\/\/pubeurope.com\/@fr\/114620749859897507","error":""},"_links":{"self":[{"href":"https:\/\/www.europesays.com\/fr\/wp-json\/wp\/v2\/posts\/149515","targetHints":{"allow":["GET"]}}],"collection":[{"href":"https:\/\/www.europesays.com\/fr\/wp-json\/wp\/v2\/posts"}],"about":[{"href":"https:\/\/www.europesays.com\/fr\/wp-json\/wp\/v2\/types\/post"}],"author":[{"embeddable":true,"href":"https:\/\/www.europesays.com\/fr\/wp-json\/wp\/v2\/users\/2"}],"replies":[{"embeddable":true,"href":"https:\/\/www.europesays.com\/fr\/wp-json\/wp\/v2\/comments?post=149515"}],"version-history":[{"count":0,"href":"https:\/\/www.europesays.com\/fr\/wp-json\/wp\/v2\/posts\/149515\/revisions"}],"wp:featuredmedia":[{"embeddable":true,"href":"https:\/\/www.europesays.com\/fr\/wp-json\/wp\/v2\/media\/149516"}],"wp:attachment":[{"href":"https:\/\/www.europesays.com\/fr\/wp-json\/wp\/v2\/media?parent=149515"}],"wp:term":[{"taxonomy":"category","embeddable":true,"href":"https:\/\/www.europesays.com\/fr\/wp-json\/wp\/v2\/categories?post=149515"},{"taxonomy":"post_tag","embeddable":true,"href":"https:\/\/www.europesays.com\/fr\/wp-json\/wp\/v2\/tags?post=149515"}],"curies":[{"name":"wp","href":"https:\/\/api.w.org\/{rel}","templated":true}]}}