{"id":149521,"date":"2025-06-03T18:05:17","date_gmt":"2025-06-03T18:05:17","guid":{"rendered":"https:\/\/www.europesays.com\/fr\/149521\/"},"modified":"2025-06-03T18:05:17","modified_gmt":"2025-06-03T18:05:17","slug":"saint-laurent-de-mure-la-premiere-boite-a-livres-a-ete-installee-sur-la-commune","status":"publish","type":"post","link":"https:\/\/www.europesays.com\/fr\/149521\/","title":{"rendered":"Saint-Laurent-de-Mure. La premi\u00e8re bo\u00eete \u00e0 livres a \u00e9t\u00e9 install\u00e9e sur la commune"},"content":{"rendered":"<p>Depuis le 23\u00a0mai, une bo\u00eete \u00e0 livres a trouv\u00e9 sa place devant le restaurant scolaire, 7 bis rue des Docteurs Vacher. Cette initiative vise \u00e0 encourager le partage, la lecture et la convivialit\u00e9 entre les habitants. Cette bo\u00eete \u00e0 livres, d\u00e9cor\u00e9e avec soin par les enfants de l\u2019accueil de loisirs et du Conseil Municipal des Enfants (CME), est \u00e0 la disposition de tous. Le principe est simple, prendre un livre et en d\u00e9poser un autre (romans, bandes dessin\u00e9es, contes pour enfant\u2026 ). Le CME vous invite \u00e0 venir d\u00e9couvrir cette bo\u00eete \u00e0 livres, symbole de lien interg\u00e9n\u00e9rationnel.<\/p>\n","protected":false},"excerpt":{"rendered":"Depuis le 23\u00a0mai, une bo\u00eete \u00e0 livres a trouv\u00e9 sa place devant le restaurant scolaire, 7 bis rue&hellip;\n","protected":false},"author":2,"featured_media":149522,"comment_status":"","ping_status":"","sticky":false,"template":"","format":"standard","meta":{"footnotes":""},"categories":[1357],"tags":[1379,1687,58,3152,59,1011,27,1380,2410,12498,23534,104,1631],"class_list":{"0":"post-149521","1":"post","2":"type-post","3":"status-publish","4":"format-standard","5":"has-post-thumbnail","7":"category-livres","8":"tag-books","9":"tag-culture-loisirs","10":"tag-divertissement","11":"tag-edition-est-lyonnais","12":"tag-entertainment","13":"tag-fr","14":"tag-france","15":"tag-livres","16":"tag-livres-bd","17":"tag-saint-laurent-de-mure","18":"tag-saint-laurent-de-mure-bassin","19":"tag-societe","20":"tag-vie-associative"},"share_on_mastodon":{"url":"https:\/\/pubeurope.com\/@fr\/114620761619285425","error":""},"_links":{"self":[{"href":"https:\/\/www.europesays.com\/fr\/wp-json\/wp\/v2\/posts\/149521","targetHints":{"allow":["GET"]}}],"collection":[{"href":"https:\/\/www.europesays.com\/fr\/wp-json\/wp\/v2\/posts"}],"about":[{"href":"https:\/\/www.europesays.com\/fr\/wp-json\/wp\/v2\/types\/post"}],"author":[{"embeddable":true,"href":"https:\/\/www.europesays.com\/fr\/wp-json\/wp\/v2\/users\/2"}],"replies":[{"embeddable":true,"href":"https:\/\/www.europesays.com\/fr\/wp-json\/wp\/v2\/comments?post=149521"}],"version-history":[{"count":0,"href":"https:\/\/www.europesays.com\/fr\/wp-json\/wp\/v2\/posts\/149521\/revisions"}],"wp:featuredmedia":[{"embeddable":true,"href":"https:\/\/www.europesays.com\/fr\/wp-json\/wp\/v2\/media\/149522"}],"wp:attachment":[{"href":"https:\/\/www.europesays.com\/fr\/wp-json\/wp\/v2\/media?parent=149521"}],"wp:term":[{"taxonomy":"category","embeddable":true,"href":"https:\/\/www.europesays.com\/fr\/wp-json\/wp\/v2\/categories?post=149521"},{"taxonomy":"post_tag","embeddable":true,"href":"https:\/\/www.europesays.com\/fr\/wp-json\/wp\/v2\/tags?post=149521"}],"curies":[{"name":"wp","href":"https:\/\/api.w.org\/{rel}","templated":true}]}}