{"id":14953,"date":"2025-04-10T12:32:13","date_gmt":"2025-04-10T12:32:13","guid":{"rendered":"https:\/\/www.europesays.com\/fr\/14953\/"},"modified":"2025-04-10T12:32:13","modified_gmt":"2025-04-10T12:32:13","slug":"lalterna-stade-poitevin-de-nouveau-domine-par-tourcoing-en-quart-de-finale","status":"publish","type":"post","link":"https:\/\/www.europesays.com\/fr\/14953\/","title":{"rendered":"l\u2019Alterna Stade Poitevin de nouveau domin\u00e9 par Tourcoing en quart de finale"},"content":{"rendered":"<p><strong>Tourcoing\u00a0&#8211; Alterna Stade Poitevin\u00a0: 3-1<\/strong><\/p>\n<p>L\u2019Alterna Stade Poitevin affrontait, ce dimanche 6\u00a0avril 2025, Tourcoing, \u00e0 l\u2019occasion du deuxi\u00e8me match des quarts de finale de MSL.<\/p>\n<p><a target=\"_self\" href=\"https:\/\/www.lanouvellerepublique.fr\/poitiers\/msl-l-alterna-stade-poitevin-n-etait-pas-loin-de-tourcoing-pour-debuter-les-play-offs-1743801606\" rel=\"nofollow noopener\">Battus vendredi (3-1) au v\u00e9lodrome de Roubaix<\/a>, les Poitevins ont de nouveau \u00e9t\u00e9 domin\u00e9s par Amir Tizi-Oualou et ses partenaires. Et cette deuxi\u00e8me d\u00e9faite a donn\u00e9 lieu \u00e0 un nouveau beau combat entre les deux \u00e9quipes, m\u00eame si la premi\u00e8re manche fut quasi \u00e0 sens unique (25-16) en faveur du TLM, avec en plus la sortie sur blessure de Colton Cowell qui a ressenti une douleur au genou droit.<\/p>\n<p>Mais l\u2019Alterna SPVB a des ressources et montre du caract\u00e8re depuis le d\u00e9but de ces play-offs. Avec Thibaut Thoral et Thomas Pujol, entr\u00e9 \u00e0 la place de Tino Hanzic, la formation poitevine a bien r\u00e9agi et a \u00e9galis\u00e9 (20-25). Et elle a eu l\u2019occasion de prendre l\u2019avantage dans la manche suivante en se procurant trois balles de set. Sans en convertir une, contrairement aux Tourquennois sur leur quatri\u00e8me tentative quand Martinez a contr\u00e9 Mujanovic (31-29).<\/p>\n<p>La quatri\u00e8me manche fut \u00e9galement serr\u00e9e. M\u00eame si en commettant trop de fautes, les Poitevines ont laiss\u00e9 filer les Nordistes (9-7 puis 14-9) et ont d\u00fb cravacher pour les rattraper (23-23), se procurant m\u00eame une balle de set (24-25). Mais ils ne l\u2019ont pas marqu\u00e9e et finalement le money-time a tourn\u00e9 en faveur du TLM (28-26).<\/p>\n<p>Apr\u00e8s ces deux premiers matchs \u00e0 l\u2019ext\u00e9rieur, Dan Lewis et ses prot\u00e9g\u00e9s se retrouvent donc au pied du mur et devront absolument s\u2019imposer, samedi 12\u00a0avril, \u00e0 domicile, pour ne pas \u00eatre \u00e9limin\u00e9s.<\/p>\n<p>\u00a0<\/p>\n<p class=\"alireaussi\"><b>&gt;\u00a0Rejoignez la communaut\u00e9 NR\u00a0&#8211; Les sports dans la Vienne sur Facebook.<\/b><\/p>\n<p>Nous avons bloqu\u00e9 l&rsquo;affichage de ce contenu pour respecter vos choix en mati\u00e8re de cookies. En cliquant sur \u00ab\u00a0Accepter\u00a0\u00bb,\u00a0vous acceptez le d\u00e9p\u00f4t de cookies. Vous pouvez modifier vos choix \u00e0 tout moment en vous rendant sur <a class=\"blocSansConsentement_lien__m9THN\" href=\"https:\/\/www.lanouvellerepublique.fr\/politique-de-confidentialite\" rel=\"nofollow noopener\" target=\"_blank\">cette page<\/a>.<\/p>\n<p>Accepter<\/p>\n","protected":false},"excerpt":{"rendered":"Tourcoing\u00a0&#8211; Alterna Stade Poitevin\u00a0: 3-1 L\u2019Alterna Stade Poitevin affrontait, ce dimanche 6\u00a0avril 2025, Tourcoing, \u00e0 l\u2019occasion du deuxi\u00e8me&hellip;\n","protected":false},"author":2,"featured_media":14954,"comment_status":"","ping_status":"","sticky":false,"template":"","format":"standard","meta":{"footnotes":""},"categories":[1417],"tags":[1392,1654,1011,27,1655,1653,60,1584,1470,1469],"class_list":{"0":"post-14953","1":"post","2":"type-post","3":"status-publish","4":"format-standard","5":"has-post-thumbnail","7":"category-volley","8":"tag-a-la-une-local","9":"tag-alterna-stade-poitevin-volley-ball","10":"tag-fr","11":"tag-france","12":"tag-ligue-a","13":"tag-poitiers","14":"tag-sports","15":"tag-vienne","16":"tag-volley","17":"tag-volleyball"},"share_on_mastodon":{"url":"https:\/\/pubeurope.com\/@fr\/114313687730406971","error":""},"_links":{"self":[{"href":"https:\/\/www.europesays.com\/fr\/wp-json\/wp\/v2\/posts\/14953","targetHints":{"allow":["GET"]}}],"collection":[{"href":"https:\/\/www.europesays.com\/fr\/wp-json\/wp\/v2\/posts"}],"about":[{"href":"https:\/\/www.europesays.com\/fr\/wp-json\/wp\/v2\/types\/post"}],"author":[{"embeddable":true,"href":"https:\/\/www.europesays.com\/fr\/wp-json\/wp\/v2\/users\/2"}],"replies":[{"embeddable":true,"href":"https:\/\/www.europesays.com\/fr\/wp-json\/wp\/v2\/comments?post=14953"}],"version-history":[{"count":0,"href":"https:\/\/www.europesays.com\/fr\/wp-json\/wp\/v2\/posts\/14953\/revisions"}],"wp:featuredmedia":[{"embeddable":true,"href":"https:\/\/www.europesays.com\/fr\/wp-json\/wp\/v2\/media\/14954"}],"wp:attachment":[{"href":"https:\/\/www.europesays.com\/fr\/wp-json\/wp\/v2\/media?parent=14953"}],"wp:term":[{"taxonomy":"category","embeddable":true,"href":"https:\/\/www.europesays.com\/fr\/wp-json\/wp\/v2\/categories?post=14953"},{"taxonomy":"post_tag","embeddable":true,"href":"https:\/\/www.europesays.com\/fr\/wp-json\/wp\/v2\/tags?post=14953"}],"curies":[{"name":"wp","href":"https:\/\/api.w.org\/{rel}","templated":true}]}}