{"id":149533,"date":"2025-06-03T18:11:17","date_gmt":"2025-06-03T18:11:17","guid":{"rendered":"https:\/\/www.europesays.com\/fr\/149533\/"},"modified":"2025-06-03T18:11:17","modified_gmt":"2025-06-03T18:11:17","slug":"elle-a-deguste-une-bonne-douzaine-dhuitres-lactrice-americaine-eva-longoria-en-visite-surprise-sur-le-marche-de-cancale","status":"publish","type":"post","link":"https:\/\/www.europesays.com\/fr\/149533\/","title":{"rendered":"\u00ab Elle a d\u00e9gust\u00e9 une bonne douzaine d\u2019hu\u00eetres \u00bb : l\u2019actrice am\u00e9ricaine Eva Longoria en visite surprise&#8230; sur le march\u00e9 de Cancale"},"content":{"rendered":"<p>\u00ab Nous avions bien \u00e9t\u00e9 contact\u00e9s, il y a un mois environ, par des membres d\u2019une \u00e9quipe de tournage. Ils \u00e9taient venus ici sur le march\u00e9 des hu\u00eetres de Cancale nous pr\u00e9venir qu\u2019une c\u00e9l\u00e9brit\u00e9 \u00e9trang\u00e8re allait venir y tourner une \u00e9mission culinaire \u00bb, se rappelle tr\u00e8s bien S\u00e9bastien Daniel, l\u2019un des cofondateurs, avec Patricia et Joris, de la soci\u00e9t\u00e9 familiale Les Hu\u00eetres de la C\u00f4te d\u2019\u00c9meraude. \u00ab Mais de l\u00e0 \u00e0 imaginer qu\u2019Eva Longoria viendrait go\u00fbter nos hu\u00eetres ! \u00bb, l\u00e2che l\u2019ostr\u00e9iculteur, quelque peu d\u00e9\u00e7u, tout de m\u00eame, d\u2019avoir manqu\u00e9 la venue de l\u2019actrice am\u00e9ricaine. \u00ab On nous avait inform\u00e9s que cette fameuse c\u00e9l\u00e9brit\u00e9 viendrait sur le march\u00e9 mais le mercredi 4 juin 2025. Elle est finalement venue, lundi, sans doute pour des questions de confidentialit\u00e9. \u00bb<\/p>\n<p>C\u2019est donc Armelle, salari\u00e9e de la soci\u00e9t\u00e9, qui a \u00e9chang\u00e9 en fran\u00e7ais avec Eva Longoria, l\u2019ex-compagne du basketteur fran\u00e7ais Tony Parker. Et la r\u00e9alisatrice am\u00e9ricaine ne s\u2019est pas content\u00e9e de filmer et de commenter. Non, elle a fait honneur au produit. \u00ab Elle a d\u00e9gust\u00e9 une bonne douzaine d\u2019hu\u00eetres, un m\u00e9lange de plates et de creuses \u00bb, a rapport\u00e9 Armelle \u00e0 ses patrons, ostr\u00e9iculteurs d\u2019arri\u00e8re-grand-p\u00e8re en arri\u00e8re-petit-fils.<\/p>\n<blockquote><p>Elle a mang\u00e9 une bonne douzaine d\u2019hu\u00eetres, six plates et six creuses.<\/p><\/blockquote>\n<p>La star internationale est actuellement en tournage en France pour sa future \u00e9mission culinaire consacr\u00e9e \u00e0 la gastronomie fran\u00e7aise et intitul\u00e9e \u00ab \u00c0 la recherche de la France \u00bb, qui sera diffus\u00e9e en 2026 aux \u00c9tats-Unis. Avant la d\u00e9gustation sur le march\u00e9, Eva Longoria avait \u00e9t\u00e9 vue dans un restaurant sur le port et dans un parc \u00e0 hu\u00eetres o\u00f9 elle a accompagn\u00e9 un ostr\u00e9iculteur, d\u2019o\u00f9 sa tenue tr\u00e8s d\u00e9contract\u00e9e (jean, pull et bottes) que l\u2019on est plus habitu\u00e9e \u00e0 voir en robe haute couture et talons hauts, lors de soir\u00e9es mondaines \u00e0 la t\u00e9l\u00e9vision, sur papier glac\u00e9 ou sur les r\u00e9seaux sociaux.<\/p>\n<p><img decoding=\"async\" src=\"https:\/\/www.europesays.com\/fr\/wp-content\/uploads\/2025\/06\/683f11ace5e4011ba502c334.1.jpeg\" width=\"480\" height=\"300\" class=\"web_golden_m\" loading=\"lazy\" alt=\"Armelle, salari\u00e9e des Hu\u00eetres de la C\u00f4te d\u2019\u00c9meraude, a fait d\u00e9guster des hu\u00eetres de Cancale \u00e0 Eva Longoria sur le march\u00e9 des hu\u00eetres cancalais.\"\/>Armelle, salari\u00e9e des Hu\u00eetres de la C\u00f4te d\u2019\u00c9meraude, a fait d\u00e9guster des hu\u00eetres de Cancale \u00e0 Eva Longoria sur le march\u00e9 des hu\u00eetres cancalais. (Le T\u00e9l\u00e9gramme \/ Photo transmise par les Hu\u00eetres de la C\u00f4te d&rsquo;Emeraude)Un grand chef italien prochainement sur le march\u00e9<\/p>\n<p>Du c\u00f4t\u00e9 du port de la Houle, il se murmure maintenant que, d\u2019ici \u00e0 quelques semaines, c\u2019est un grand chef italien qui a pr\u00e9vu de se d\u00e9placer jusqu\u2019au march\u00e9 des hu\u00eetres, \u00e0 Cancale. Visiblement, la renomm\u00e9e des hu\u00eetres de Cancale et, en particulier, celles des Hu\u00eetres de la C\u00f4te d\u2019\u00c9meraude a largement d\u00e9pass\u00e9 les fronti\u00e8res bretonnes. \u00ab L\u2019enti\u00e8ret\u00e9 de notre production est vendue directement au consommateur, ici, \u00e0 Cancale tous les jours de l\u2019ann\u00e9e mais \u00e9galement sur les march\u00e9s de Saint-Jouan-des-Gu\u00e9rets, G\u00e9vez\u00e9, Pleslin-Trigavou et aussi en Eure-et-Loir \u00bb, a pr\u00e9cis\u00e9 Armelle \u00e0 l\u2019\u00e9quipe de tournage. Et l\u2019an prochain, ce sont les t\u00e9l\u00e9spectateurs am\u00e9ricains qui vont d\u00e9couvrir, sans nul doute, les hu\u00eetres les plus renomm\u00e9es de Bretagne.<\/p>\n","protected":false},"excerpt":{"rendered":"\u00ab Nous avions bien \u00e9t\u00e9 contact\u00e9s, il y a un mois environ, par des membres d\u2019une \u00e9quipe de&hellip;\n","protected":false},"author":2,"featured_media":149534,"comment_status":"","ping_status":"","sticky":false,"template":"","format":"standard","meta":{"footnotes":""},"categories":[8],"tags":[11,829,27890,58,765,59,1011,27,848,16048,973,584,3728],"class_list":{"0":"post-149533","1":"post","2":"type-post","3":"status-publish","4":"format-standard","5":"has-post-thumbnail","7":"category-divertissement","8":"tag-actualites","9":"tag-bretagne","10":"tag-cancale","11":"tag-divertissement","12":"tag-en-continu","13":"tag-entertainment","14":"tag-fr","15":"tag-france","16":"tag-ille-et-vilaine","17":"tag-newsletter-aujourdhui-en-bretagne","18":"tag-people","19":"tag-rennes","20":"tag-saint-malo"},"share_on_mastodon":{"url":"https:\/\/pubeurope.com\/@fr\/114620785243005057","error":""},"_links":{"self":[{"href":"https:\/\/www.europesays.com\/fr\/wp-json\/wp\/v2\/posts\/149533","targetHints":{"allow":["GET"]}}],"collection":[{"href":"https:\/\/www.europesays.com\/fr\/wp-json\/wp\/v2\/posts"}],"about":[{"href":"https:\/\/www.europesays.com\/fr\/wp-json\/wp\/v2\/types\/post"}],"author":[{"embeddable":true,"href":"https:\/\/www.europesays.com\/fr\/wp-json\/wp\/v2\/users\/2"}],"replies":[{"embeddable":true,"href":"https:\/\/www.europesays.com\/fr\/wp-json\/wp\/v2\/comments?post=149533"}],"version-history":[{"count":0,"href":"https:\/\/www.europesays.com\/fr\/wp-json\/wp\/v2\/posts\/149533\/revisions"}],"wp:featuredmedia":[{"embeddable":true,"href":"https:\/\/www.europesays.com\/fr\/wp-json\/wp\/v2\/media\/149534"}],"wp:attachment":[{"href":"https:\/\/www.europesays.com\/fr\/wp-json\/wp\/v2\/media?parent=149533"}],"wp:term":[{"taxonomy":"category","embeddable":true,"href":"https:\/\/www.europesays.com\/fr\/wp-json\/wp\/v2\/categories?post=149533"},{"taxonomy":"post_tag","embeddable":true,"href":"https:\/\/www.europesays.com\/fr\/wp-json\/wp\/v2\/tags?post=149533"}],"curies":[{"name":"wp","href":"https:\/\/api.w.org\/{rel}","templated":true}]}}