{"id":149545,"date":"2025-06-03T18:17:10","date_gmt":"2025-06-03T18:17:10","guid":{"rendered":"https:\/\/www.europesays.com\/fr\/149545\/"},"modified":"2025-06-03T18:17:10","modified_gmt":"2025-06-03T18:17:10","slug":"loire-interpelle-sans-permis-en-recidive-a-saint-etienne-sa-puissante-berline-saisie","status":"publish","type":"post","link":"https:\/\/www.europesays.com\/fr\/149545\/","title":{"rendered":"Loire. Interpell\u00e9 sans permis en r\u00e9cidive \u00e0 Saint-\u00c9tienne, sa puissante berline saisie"},"content":{"rendered":"<p>Lundi 2\u00a0juin au cours de la matin\u00e9e, une unit\u00e9 du Groupe de s\u00e9curit\u00e9 de proximit\u00e9 met en place un dispositif de s\u00e9curit\u00e9 afin de r\u00e9aliser des contr\u00f4les routiers rue L\u00e9on-Leponce dans le quartier de Bergson \u00e0 Saint-\u00c9tienne.<\/p>\n<p>Vers 10\u00a0h\u00a040, les fonctionnaires font stopper le conducteur d\u2019un v\u00e9hicule Mercedes GLC pour v\u00e9rifier si ce dernier est bien en r\u00e8gle.<\/p>\n<p>  \u00c9galement en d\u00e9faut d\u2019assurance<\/p>\n<p>Mais rapidement, les fonctionnaires remarquent que le jeune homme, \u00e2g\u00e9 de 33 ans et habitant \u00e0 Saint-\u00c9tienne, circule sans permis de conduire et que son automobile n\u2019est pas assur\u00e9e. Encore plus grave, il se trouve en situation de r\u00e9cidive, car en 2021 puis 2023, les forces de l\u2019ordre l\u2019avaient d\u00e9j\u00e0 interpell\u00e9 pour les m\u00eames manquements au code de la route.<\/p>\n<p>Plac\u00e9 en garde \u00e0 vue, il a \u00e9t\u00e9 pr\u00e9sent\u00e9 \u00e0 un magistrat. Selon les forces de l\u2019ordre, la puissante berline allemande a \u00e9t\u00e9 saisie.<\/p>\n","protected":false},"excerpt":{"rendered":"Lundi 2\u00a0juin au cours de la matin\u00e9e, une unit\u00e9 du Groupe de s\u00e9curit\u00e9 de proximit\u00e9 met en place&hellip;\n","protected":false},"author":2,"featured_media":149546,"comment_status":"","ping_status":"","sticky":false,"template":"","format":"standard","meta":{"footnotes":""},"categories":[9653],"tags":[1111,11,2430,271,272,7539,1777,674,274,1011,27,3367,12,25,4001,7538,104],"class_list":{"0":"post-149545","1":"post","2":"type-post","3":"status-publish","4":"format-standard","5":"has-post-thumbnail","7":"category-saint-etienne","8":"tag-actu","9":"tag-actualites","10":"tag-auvergne-rhone-alpes","11":"tag-crime","12":"tag-delit-et-contravention","13":"tag-edition-loire-sud","14":"tag-eu","15":"tag-europe","16":"tag-faits-divers-justice","17":"tag-fr","18":"tag-france","19":"tag-loire","20":"tag-news","21":"tag-republique-francaise","22":"tag-saint-etienne","23":"tag-saint-etienne-ville","24":"tag-societe"},"share_on_mastodon":{"url":"https:\/\/pubeurope.com\/@fr\/114620808734057386","error":""},"_links":{"self":[{"href":"https:\/\/www.europesays.com\/fr\/wp-json\/wp\/v2\/posts\/149545","targetHints":{"allow":["GET"]}}],"collection":[{"href":"https:\/\/www.europesays.com\/fr\/wp-json\/wp\/v2\/posts"}],"about":[{"href":"https:\/\/www.europesays.com\/fr\/wp-json\/wp\/v2\/types\/post"}],"author":[{"embeddable":true,"href":"https:\/\/www.europesays.com\/fr\/wp-json\/wp\/v2\/users\/2"}],"replies":[{"embeddable":true,"href":"https:\/\/www.europesays.com\/fr\/wp-json\/wp\/v2\/comments?post=149545"}],"version-history":[{"count":0,"href":"https:\/\/www.europesays.com\/fr\/wp-json\/wp\/v2\/posts\/149545\/revisions"}],"wp:featuredmedia":[{"embeddable":true,"href":"https:\/\/www.europesays.com\/fr\/wp-json\/wp\/v2\/media\/149546"}],"wp:attachment":[{"href":"https:\/\/www.europesays.com\/fr\/wp-json\/wp\/v2\/media?parent=149545"}],"wp:term":[{"taxonomy":"category","embeddable":true,"href":"https:\/\/www.europesays.com\/fr\/wp-json\/wp\/v2\/categories?post=149545"},{"taxonomy":"post_tag","embeddable":true,"href":"https:\/\/www.europesays.com\/fr\/wp-json\/wp\/v2\/tags?post=149545"}],"curies":[{"name":"wp","href":"https:\/\/api.w.org\/{rel}","templated":true}]}}