{"id":149559,"date":"2025-06-03T18:26:31","date_gmt":"2025-06-03T18:26:31","guid":{"rendered":"https:\/\/www.europesays.com\/fr\/149559\/"},"modified":"2025-06-03T18:26:31","modified_gmt":"2025-06-03T18:26:31","slug":"cote-divoire-france-une-octogenaire-82-ans-quitte-rouen-pour-rejoindre-des-brouteurs-a-abidjan-le-prejudice-estime-a-plus-de-65-millions-fcfa","status":"publish","type":"post","link":"https:\/\/www.europesays.com\/fr\/149559\/","title":{"rendered":"C\u00f4te d&rsquo;Ivoire-France : Une octog\u00e9naire (82 ans) quitte Rouen pour rejoindre des \u00ab brouteurs \u00bb \u00e0 Abidjan, le pr\u00e9judice estim\u00e9 \u00e0 plus de 65 millions FCFA"},"content":{"rendered":"<p>\u00a9 Koaci.com &#8211; mardi 03 juin 2025 &#8211; 17:04<\/p>\n<p>La fran\u00e7aise et son amant \u00e0 Abidjan (DR)\u00a0<\/p>\n<p>Une Fran\u00e7aise de 82 ans pr\u00e9nomm\u00e9e Marie-Jos\u00e9 a quitt\u00e9 sa ville de <a href=\"https:\/\/www.koaci.com\/recherche?search=Rouen\" rel=\"nofollow noopener\" target=\"_blank\">Rouen<\/a> pour rejoindre des cybercriminels \u00e0 Abidjan.\u00a0<\/p>\n<p>Depuis septembre 2024 et son d\u00e9part pr\u00e9cipit\u00e9 de <a href=\"https:\/\/www.koaci.com\/recherche?search=Rouen\" rel=\"nofollow noopener\" target=\"_blank\">Rouen<\/a> pour la C\u00f4te d\u2019Ivoire, Marie-Jos\u00e9 aurait d\u00e9pens\u00e9 plus de 100 000 euros soit plus de 65 millions de FCFA pour ses nouveaux amis.\u00a0<\/p>\n<p>\n                                <img decoding=\"async\" src=\"https:\/\/www.europesays.com\/fr\/wp-content\/uploads\/2025\/06\/icon_zoom.png\" width=\"20\" alt=\"\"\/><\/p>\n<p>Cliquez pour agrandir l&rsquo;image \u00a0<\/p>\n<p>\u00a0<\/p>\n<p>                                <img decoding=\"async\" src=\"https:\/\/www.europesays.com\/fr\/wp-content\/uploads\/2025\/06\/photo_1748972172.jpg\" width=\"100%\" alt=\"\"\/><br \/>\n<\/p>\n<p>Elle jure \u00eatre \u00ab heureuse \u00bb et savoir \u00ab g\u00e9rer son argent \u00bb, mais son fils Xavier d\u00e9nonce une <a href=\"https:\/\/www.koaci.com\/recherche?search=arnaque\" rel=\"nofollow noopener\" target=\"_blank\">arnaque<\/a> aux <a href=\"https:\/\/www.koaci.com\/recherche?search=sentiments\" rel=\"nofollow noopener\" target=\"_blank\">sentiments<\/a>.<\/p>\n<p>Depuis septembre 2024 et son d\u00e9part pr\u00e9cipit\u00e9 de <a href=\"https:\/\/www.koaci.com\/recherche?search=Rouen\" rel=\"nofollow noopener\" target=\"_blank\">Rouen<\/a> pour la C\u00f4te d\u2019Ivoire, Marie-Jos\u00e9 aurait d\u00e9pens\u00e9 plus de 100 000 euros pour ses nouveaux amis.\u00a0<\/p>\n<p>Elle jure \u00eatre \u00ab heureuse \u00bb et savoir \u00ab g\u00e9rer son argent \u00bb, mais son fils Xavier d\u00e9nonce une <a href=\"https:\/\/www.koaci.com\/recherche?search=arnaque\" rel=\"nofollow noopener\" target=\"_blank\">arnaque<\/a> aux <a href=\"https:\/\/www.koaci.com\/recherche?search=sentiments\" rel=\"nofollow noopener\" target=\"_blank\">sentiments<\/a>.<\/p>\n<p>Affaire \u00e0 suivre\u2026<\/p>\n<p>Donatien Kautcha, Abidjan\u00a0<\/p>\n","protected":false},"excerpt":{"rendered":"\u00a9 Koaci.com &#8211; mardi 03 juin 2025 &#8211; 17:04 La fran\u00e7aise et son amant \u00e0 Abidjan (DR)\u00a0 Une&hellip;\n","protected":false},"author":2,"featured_media":149560,"comment_status":"","ping_status":"","sticky":false,"template":"","format":"standard","meta":{"footnotes":""},"categories":[9587],"tags":[1111,47,11,2813,1777,674,1011,27,1922,10109,10110,12,5161,25,9590],"class_list":{"0":"post-149559","1":"post","2":"type-post","3":"status-publish","4":"format-standard","5":"has-post-thumbnail","7":"category-rouen","8":"tag-actu","9":"tag-actualite","10":"tag-actualites","11":"tag-article","12":"tag-eu","13":"tag-europe","14":"tag-fr","15":"tag-france","16":"tag-info","17":"tag-koaci","18":"tag-koaci-cote-d","19":"tag-news","20":"tag-normandie","21":"tag-republique-francaise","22":"tag-rouen"},"share_on_mastodon":{"url":"https:\/\/pubeurope.com\/@fr\/114620844267182289","error":""},"_links":{"self":[{"href":"https:\/\/www.europesays.com\/fr\/wp-json\/wp\/v2\/posts\/149559","targetHints":{"allow":["GET"]}}],"collection":[{"href":"https:\/\/www.europesays.com\/fr\/wp-json\/wp\/v2\/posts"}],"about":[{"href":"https:\/\/www.europesays.com\/fr\/wp-json\/wp\/v2\/types\/post"}],"author":[{"embeddable":true,"href":"https:\/\/www.europesays.com\/fr\/wp-json\/wp\/v2\/users\/2"}],"replies":[{"embeddable":true,"href":"https:\/\/www.europesays.com\/fr\/wp-json\/wp\/v2\/comments?post=149559"}],"version-history":[{"count":0,"href":"https:\/\/www.europesays.com\/fr\/wp-json\/wp\/v2\/posts\/149559\/revisions"}],"wp:featuredmedia":[{"embeddable":true,"href":"https:\/\/www.europesays.com\/fr\/wp-json\/wp\/v2\/media\/149560"}],"wp:attachment":[{"href":"https:\/\/www.europesays.com\/fr\/wp-json\/wp\/v2\/media?parent=149559"}],"wp:term":[{"taxonomy":"category","embeddable":true,"href":"https:\/\/www.europesays.com\/fr\/wp-json\/wp\/v2\/categories?post=149559"},{"taxonomy":"post_tag","embeddable":true,"href":"https:\/\/www.europesays.com\/fr\/wp-json\/wp\/v2\/tags?post=149559"}],"curies":[{"name":"wp","href":"https:\/\/api.w.org\/{rel}","templated":true}]}}