{"id":149565,"date":"2025-06-03T18:29:10","date_gmt":"2025-06-03T18:29:10","guid":{"rendered":"https:\/\/www.europesays.com\/fr\/149565\/"},"modified":"2025-06-03T18:29:10","modified_gmt":"2025-06-03T18:29:10","slug":"quatre-ans-de-prison-pour-un-dangereux-periple-criminel-dans-la-region-rennaise","status":"publish","type":"post","link":"https:\/\/www.europesays.com\/fr\/149565\/","title":{"rendered":"Quatre ans de prison pour un dangereux p\u00e9riple criminel dans la r\u00e9gion rennaise"},"content":{"rendered":"<p>Ce mardi 3 juin, le tribunal judiciaire de Rennes a condamn\u00e9 Mathieu Chauvin \u00e0 quatre ans de prison dont deux avec sursis probatoire. Ce Rennais a \u00e9t\u00e9 reconnu coupable du p\u00e9riple d\u00e9linquant d\u2019une rare intensit\u00e9 auquel les gendarmes ont mis fin la semaine derni\u00e8re. Devant les juges, le pr\u00e9venu a reconnu l\u2019int\u00e9gralit\u00e9 des faits.<\/p>\n<p>Casse \u00e0 la voiture b\u00e9lier au Rheu<\/p>\n<p>Mardi 27 mai, vers 21 h, cet homme de 31 ans avait commenc\u00e9 par voler un v\u00e9hicule Peugeot 308 break dans un garage automobile de Vern-sur-Seiche en blessant un ami du garagiste. Avec le v\u00e9hicule vol\u00e9 et sans permis, il \u00e9tait parti au Courtepaille de Pac\u00e9. Arm\u00e9 d\u2019un couteau, il avait d\u00e9rob\u00e9 le tiroir-caisse. Ensuite, le v\u00e9hicule vol\u00e9 lui avait servi \u00e0 faire un casse \u00e0 la voiture b\u00e9lier dans un bar tabac du Rheu. Les d\u00e9g\u00e2ts ont \u00e9t\u00e9 estim\u00e9s \u00e0 pr\u00e8s de 30 000 euros.<\/p>\n<p>Sorti de prison en mars, il avait ensuite vol\u00e9 un v\u00e9hicule Suzuki Splash dans un garage automobile \u00e0 Br\u00e9al-sous-Montfort avant de s\u2019endormir et d\u2019abandonner le v\u00e9hicule \u00e0 Saint-Jacques de la Lande. Le lendemain matin vers 8 h 30, il avait de nouveau vol\u00e9 une voiture alors que sa conductrice \u00e9tait sortie quelques instants pour actionner une borne r\u00e9tractable dans le quartier de la gare de Rennes\u2026<\/p>\n<p>4 mois de plus pour refus d\u2019obtemp\u00e9rer<\/p>\n<p>G\u00e9olocalis\u00e9 le v\u00e9hicule avait \u00e9t\u00e9 suivi par les gendarmes mais ce grand consommateur d\u2019h\u00e9ro\u00efne avait refus\u00e9 d\u2019obtemp\u00e9rer. L\u2019homme avait fini par avoir un accident de voiture non loin de Saint-James. Pour ce refus d\u2019obtemp\u00e9rer, le tribunal ajout\u00e9 4 mois de prison \u00e0 la peine principale. En r\u00e9cidive pour 6 des 8 chefs qui pesaient sur lui, celui dont le casier porte d\u00e9j\u00e0 8 condamnations purgera \u00e9galement un sursis r\u00e9voqu\u00e9 de six mois prononc\u00e9 lors d\u2019une pr\u00e9c\u00e9dente condamnation.<\/p>\n<p>\u00ab Fuite en avant \u00bb<\/p>\n<p>Dans le box des accus\u00e9s encadr\u00e9s par des escortes p\u00e9nitentiaires, l\u2019homme qui est titulaire d\u2019une licence en gestion d\u2019entreprise a reconnu l\u2019int\u00e9gralit\u00e9 des faits et les a expliqu\u00e9s. Nerveux, il s\u2019est mis en col\u00e8re quand une avocate des parties civiles a cherch\u00e9 \u00e0 d\u00e9montrer qu\u2019au matin du 28 mai il \u00e9tait volontairement pass\u00e9 par la rue Duhamel \u00e0 Rennes pour attendre qu\u2019un conducteur ou une conductrice quitte son volant quelques instants \u00e0 la borne r\u00e9tractable. \u00ab Ce n\u2019est pas p\u00e9riple pulsionnel pour se suicider, c\u2019est une fuite en avant et des d\u00e9lits qui se multiplient \u00bb, a soulign\u00e9 la procureure avant de requ\u00e9rir 4 ans dont deux avec sursis. St\u00e9phanie Peltier, son avocate, a insist\u00e9 sur le besoin de soigner son addiction \u00e0 l\u2019h\u00e9ro\u00efne et sur la mauvaise passe qu\u2019il traversait sentimentalement.<\/p>\n","protected":false},"excerpt":{"rendered":"Ce mardi 3 juin, le tribunal judiciaire de Rennes a condamn\u00e9 Mathieu Chauvin \u00e0 quatre ans de prison&hellip;\n","protected":false},"author":2,"featured_media":149566,"comment_status":"","ping_status":"","sticky":false,"template":"","format":"standard","meta":{"footnotes":""},"categories":[2821],"tags":[1111,11,829,765,1777,674,118,3383,1011,27,12,584,25],"class_list":{"0":"post-149565","1":"post","2":"type-post","3":"status-publish","4":"format-standard","5":"has-post-thumbnail","7":"category-rennes","8":"tag-actu","9":"tag-actualites","10":"tag-bretagne","11":"tag-en-continu","12":"tag-eu","13":"tag-europe","14":"tag-faits-divers","15":"tag-faits-divers-a-rennes","16":"tag-fr","17":"tag-france","18":"tag-news","19":"tag-rennes","20":"tag-republique-francaise"},"share_on_mastodon":{"url":"https:\/\/pubeurope.com\/@fr\/114620855962282964","error":""},"_links":{"self":[{"href":"https:\/\/www.europesays.com\/fr\/wp-json\/wp\/v2\/posts\/149565","targetHints":{"allow":["GET"]}}],"collection":[{"href":"https:\/\/www.europesays.com\/fr\/wp-json\/wp\/v2\/posts"}],"about":[{"href":"https:\/\/www.europesays.com\/fr\/wp-json\/wp\/v2\/types\/post"}],"author":[{"embeddable":true,"href":"https:\/\/www.europesays.com\/fr\/wp-json\/wp\/v2\/users\/2"}],"replies":[{"embeddable":true,"href":"https:\/\/www.europesays.com\/fr\/wp-json\/wp\/v2\/comments?post=149565"}],"version-history":[{"count":0,"href":"https:\/\/www.europesays.com\/fr\/wp-json\/wp\/v2\/posts\/149565\/revisions"}],"wp:featuredmedia":[{"embeddable":true,"href":"https:\/\/www.europesays.com\/fr\/wp-json\/wp\/v2\/media\/149566"}],"wp:attachment":[{"href":"https:\/\/www.europesays.com\/fr\/wp-json\/wp\/v2\/media?parent=149565"}],"wp:term":[{"taxonomy":"category","embeddable":true,"href":"https:\/\/www.europesays.com\/fr\/wp-json\/wp\/v2\/categories?post=149565"},{"taxonomy":"post_tag","embeddable":true,"href":"https:\/\/www.europesays.com\/fr\/wp-json\/wp\/v2\/tags?post=149565"}],"curies":[{"name":"wp","href":"https:\/\/api.w.org\/{rel}","templated":true}]}}