{"id":149569,"date":"2025-06-03T18:31:11","date_gmt":"2025-06-03T18:31:11","guid":{"rendered":"https:\/\/www.europesays.com\/fr\/149569\/"},"modified":"2025-06-03T18:31:11","modified_gmt":"2025-06-03T18:31:11","slug":"strasbourg-et-mulhouse-la-cgt-appelle-a-la-greve-et-la-manifestation-ce-jeudi-5-juin","status":"publish","type":"post","link":"https:\/\/www.europesays.com\/fr\/149569\/","title":{"rendered":"Strasbourg et Mulhouse. La CGT appelle \u00e0 la gr\u00e8ve et la manifestation ce jeudi 5\u00a0juin"},"content":{"rendered":"<p>\u00ab\u00a0Pour nos retraites, nos emplois, nos salaires\u00a0\u00bb\u00a0: c\u2019est le mot d\u2019ordre de l\u2019appel national \u00e0 la gr\u00e8ve et la manifestation lanc\u00e9e par la CGT pour la journ\u00e9e du 5\u00a0juin. L\u2019abrogation de la r\u00e9forme des retraites figure en particulier parmi les revendications alors qu\u2019un vote doit avoir lieu ce m\u00eame jour \u00e0 l\u2019Assembl\u00e9e nationale suite \u00e0 une proposition de r\u00e9solution d\u00e9pos\u00e9e par le groupe \u00ab\u00a0gauche d\u00e9mocrate et r\u00e9publicaine\u00a0\u00bb. Le syndicat exige en outre \u00ab\u00a0un moratoire pour stopper en urgence les licenciements\u00a0\u00bb alors que les plans sociaux se multiplient, et entend \u00ab\u00a0combattre l\u2019aust\u00e9rit\u00e9 et d\u00e9fendre les services publics\u00a0\u00bb.<\/p>\n<p>\u00c0 Strasbourg, une manifestation s\u2019\u00e9lancera \u00e0 13\u00a0h\u00a030 de la place de Bordeaux \u2013\u00a0ou se tient actuellement le congr\u00e8s de la f\u00e9d\u00e9ration nationale CGT de la m\u00e9tallurgie. Et une \u00ab\u00a0guinguette revendicative\u00a0\u00bb avec \u00ab\u00a0restauration, musique DJ et accord\u00e9on, prise de paroles et jeux\u00a0\u00bb sera organis\u00e9e \u00e0 Mulhouse, square du G\u00e9n\u00e9ral de Gaulle, \u00e0 partir de 12\u00a0h.<\/p>\n<p>La CGT Cheminots a par ailleurs lanc\u00e9 un appel national \u00e0 la gr\u00e8ve d\u00e8s mercredi 4\u00a0juin pour les conducteurs, susceptible de g\u00e9n\u00e9rer des perturbations.<\/p>\n","protected":false},"excerpt":{"rendered":"\u00ab\u00a0Pour nos retraites, nos emplois, nos salaires\u00a0\u00bb\u00a0: c\u2019est le mot d\u2019ordre de l\u2019appel national \u00e0 la gr\u00e8ve et&hellip;\n","protected":false},"author":2,"featured_media":149570,"comment_status":"","ping_status":"","sticky":false,"template":"","format":"standard","meta":{"footnotes":""},"categories":[2820],"tags":[1111,11,2389,1777,674,107,1011,27,775,12,25,801,640],"class_list":{"0":"post-149569","1":"post","2":"type-post","3":"status-publish","4":"format-standard","5":"has-post-thumbnail","7":"category-strasbourg","8":"tag-actu","9":"tag-actualites","10":"tag-alsace","11":"tag-eu","12":"tag-europe","13":"tag-fil-info","14":"tag-fr","15":"tag-france","16":"tag-grand-est","17":"tag-news","18":"tag-republique-francaise","19":"tag-social","20":"tag-strasbourg"},"share_on_mastodon":{"url":"https:\/\/pubeurope.com\/@fr\/114620863971942457","error":""},"_links":{"self":[{"href":"https:\/\/www.europesays.com\/fr\/wp-json\/wp\/v2\/posts\/149569","targetHints":{"allow":["GET"]}}],"collection":[{"href":"https:\/\/www.europesays.com\/fr\/wp-json\/wp\/v2\/posts"}],"about":[{"href":"https:\/\/www.europesays.com\/fr\/wp-json\/wp\/v2\/types\/post"}],"author":[{"embeddable":true,"href":"https:\/\/www.europesays.com\/fr\/wp-json\/wp\/v2\/users\/2"}],"replies":[{"embeddable":true,"href":"https:\/\/www.europesays.com\/fr\/wp-json\/wp\/v2\/comments?post=149569"}],"version-history":[{"count":0,"href":"https:\/\/www.europesays.com\/fr\/wp-json\/wp\/v2\/posts\/149569\/revisions"}],"wp:featuredmedia":[{"embeddable":true,"href":"https:\/\/www.europesays.com\/fr\/wp-json\/wp\/v2\/media\/149570"}],"wp:attachment":[{"href":"https:\/\/www.europesays.com\/fr\/wp-json\/wp\/v2\/media?parent=149569"}],"wp:term":[{"taxonomy":"category","embeddable":true,"href":"https:\/\/www.europesays.com\/fr\/wp-json\/wp\/v2\/categories?post=149569"},{"taxonomy":"post_tag","embeddable":true,"href":"https:\/\/www.europesays.com\/fr\/wp-json\/wp\/v2\/tags?post=149569"}],"curies":[{"name":"wp","href":"https:\/\/api.w.org\/{rel}","templated":true}]}}