{"id":14957,"date":"2025-04-10T12:34:11","date_gmt":"2025-04-10T12:34:11","guid":{"rendered":"https:\/\/www.europesays.com\/fr\/14957\/"},"modified":"2025-04-10T12:34:11","modified_gmt":"2025-04-10T12:34:11","slug":"atp-monte-carlo-monfils-battu-par-rublev-je-ne-sais-meme-pas-je-viens-de-perdre-mon-match-je-ny-pense-pas-pour-etre-honnete","status":"publish","type":"post","link":"https:\/\/www.europesays.com\/fr\/14957\/","title":{"rendered":"ATP &#8211; Monte Carlo > Monfils, battu par Rublev : \u00ab\u00a0Je ne sais m\u00eame pas. Je viens de perdre mon match. Je n&rsquo;y pense pas, pour \u00eatre honn\u00eate\u00a0\u00bb"},"content":{"rendered":"<p>\u00ab\u202fSoit je me fais d\u00e9chirer, pas\u00a0de probl\u00e8me, soit je gagne, pas de probl\u00e8me\u202f\u00bb,<a href=\"https:\/\/www.welovetennis.fr\/atp\/atp-monte-carlo\/monfils-avant-daffronter-rublev-comment-je-vois-ce-match-plutot-bien-honnetement-je-sais-exactement-ce-quil-va-faire\" data-wpel-link=\"internal\" rel=\"nofollow noopener\" target=\"_blank\"> avait d\u00e9clar\u00e9 Ga\u00ebl Monfils<\/a> avant d\u2019af\u00adfronter Andrey Rublev au deuxi\u00e8me tour du Masters 1000 de Monte\u2010Carlo. Et pour\u00adtant, il \u00e9tait visi\u00adble\u00adment tr\u00e8s d\u00e9\u00e7u apr\u00e8s sa d\u00e9faite en deux sets face au 9e mondial ce mercredi\u00a0: 6\u20134, 7\u20136(2), en 1h44 de\u00a0jeu.\u00a0<\/p>\n<p>Question d\u2019un jour\u00adna\u00adliste en conf\u00e9\u00adrence de presse\u00a0: \u00ab\u202fComment sentez\u2010vous la suite de la saison sur terre battue\u202f?\u202f\u00bb<\/p>\n<p><strong>\u00ab\u202fJe ne sais m\u00eame pas. Je viens de perdre mon match. Je n\u2019y pense pas, pour \u00eatre honn\u00eate. Je suis un peu d\u00e9\u00e7u, donc je verrai plus tard\u202f\u00bb<\/strong>, a r\u00e9pondu le joueur de 38 ans qui a manqu\u00e9 quatre balles de set sur son service dans la deuxi\u00e8me manche.<\/p>\n<p class=\"post-published-date\" style=\"color: silver; font-size: 75%; text-align: left;\">Publi\u00e9 le mercredi 9 avril 2025 \u00e0 16:49<\/p>\n","protected":false},"excerpt":{"rendered":"\u00ab\u202fSoit je me fais d\u00e9chirer, pas\u00a0de probl\u00e8me, soit je gagne, pas de probl\u00e8me\u202f\u00bb, avait d\u00e9clar\u00e9 Ga\u00ebl Monfils avant&hellip;\n","protected":false},"author":2,"featured_media":14958,"comment_status":"","ping_status":"","sticky":false,"template":"","format":"standard","meta":{"footnotes":""},"categories":[1415],"tags":[1011,27,3770,60,1467],"class_list":{"0":"post-14957","1":"post","2":"type-post","3":"status-publish","4":"format-standard","5":"has-post-thumbnail","7":"category-tennis","8":"tag-fr","9":"tag-france","10":"tag-monfils","11":"tag-sports","12":"tag-tennis"},"share_on_mastodon":{"url":"https:\/\/pubeurope.com\/@fr\/114313695284413654","error":""},"_links":{"self":[{"href":"https:\/\/www.europesays.com\/fr\/wp-json\/wp\/v2\/posts\/14957","targetHints":{"allow":["GET"]}}],"collection":[{"href":"https:\/\/www.europesays.com\/fr\/wp-json\/wp\/v2\/posts"}],"about":[{"href":"https:\/\/www.europesays.com\/fr\/wp-json\/wp\/v2\/types\/post"}],"author":[{"embeddable":true,"href":"https:\/\/www.europesays.com\/fr\/wp-json\/wp\/v2\/users\/2"}],"replies":[{"embeddable":true,"href":"https:\/\/www.europesays.com\/fr\/wp-json\/wp\/v2\/comments?post=14957"}],"version-history":[{"count":0,"href":"https:\/\/www.europesays.com\/fr\/wp-json\/wp\/v2\/posts\/14957\/revisions"}],"wp:featuredmedia":[{"embeddable":true,"href":"https:\/\/www.europesays.com\/fr\/wp-json\/wp\/v2\/media\/14958"}],"wp:attachment":[{"href":"https:\/\/www.europesays.com\/fr\/wp-json\/wp\/v2\/media?parent=14957"}],"wp:term":[{"taxonomy":"category","embeddable":true,"href":"https:\/\/www.europesays.com\/fr\/wp-json\/wp\/v2\/categories?post=14957"},{"taxonomy":"post_tag","embeddable":true,"href":"https:\/\/www.europesays.com\/fr\/wp-json\/wp\/v2\/tags?post=14957"}],"curies":[{"name":"wp","href":"https:\/\/api.w.org\/{rel}","templated":true}]}}