{"id":149585,"date":"2025-06-03T18:40:09","date_gmt":"2025-06-03T18:40:09","guid":{"rendered":"https:\/\/www.europesays.com\/fr\/149585\/"},"modified":"2025-06-03T18:40:09","modified_gmt":"2025-06-03T18:40:09","slug":"cybertour-toulouse-la-cybersecurite-coute-que-coute","status":"publish","type":"post","link":"https:\/\/www.europesays.com\/fr\/149585\/","title":{"rendered":"CyberTour Toulouse. La cybersecurit\u00e9 co\u00fbte que co\u00fbte"},"content":{"rendered":"<p>\t\t CyberTour Toulouse. La cybersecurit\u00e9 co\u00fbte que co\u00fbte&#13;<br \/>\n  &#13;<br \/>\n\t&#13;<br \/>\n&#13;<br \/>\n&#13;<br \/>\n&#13;<br \/>\n&#13;<br \/>\n &#13;<br \/>\n\t&#13;<br \/>\n&#13;<\/p>\n<p>\n\t\t\tSource : https:\/\/www.touleco.fr\/CyberTour-Toulouse-La-cybersecurite-coute-que-coute,46939\n\t\t<\/p>\n","protected":false},"excerpt":{"rendered":"CyberTour Toulouse. La cybersecurit\u00e9 co\u00fbte que co\u00fbte&#13; &#13; &#13; &#13; &#13; &#13; &#13; &#13; &#13; &#13; Source :&hellip;\n","protected":false},"author":2,"featured_media":149586,"comment_status":"","ping_status":"","sticky":false,"template":"","format":"standard","meta":{"footnotes":""},"categories":[2816],"tags":[1111,11,36,27894,27891,1075,1777,674,1011,27,12,2680,27892,25,27893,2312],"class_list":{"0":"post-149585","1":"post","2":"type-post","3":"status-publish","4":"format-standard","5":"has-post-thumbnail","7":"category-toulouse","8":"tag-actu","9":"tag-actualites","10":"tag-airbus","11":"tag-anssi","12":"tag-cyberocc","13":"tag-cybersecurite","14":"tag-eu","15":"tag-europe","16":"tag-fr","17":"tag-france","18":"tag-news","19":"tag-occitanie","20":"tag-projet-x","21":"tag-republique-francaise","22":"tag-theatre-de-la-cite","23":"tag-toulouse"},"share_on_mastodon":{"url":"https:\/\/pubeurope.com\/@fr\/114620899243654377","error":""},"_links":{"self":[{"href":"https:\/\/www.europesays.com\/fr\/wp-json\/wp\/v2\/posts\/149585","targetHints":{"allow":["GET"]}}],"collection":[{"href":"https:\/\/www.europesays.com\/fr\/wp-json\/wp\/v2\/posts"}],"about":[{"href":"https:\/\/www.europesays.com\/fr\/wp-json\/wp\/v2\/types\/post"}],"author":[{"embeddable":true,"href":"https:\/\/www.europesays.com\/fr\/wp-json\/wp\/v2\/users\/2"}],"replies":[{"embeddable":true,"href":"https:\/\/www.europesays.com\/fr\/wp-json\/wp\/v2\/comments?post=149585"}],"version-history":[{"count":0,"href":"https:\/\/www.europesays.com\/fr\/wp-json\/wp\/v2\/posts\/149585\/revisions"}],"wp:featuredmedia":[{"embeddable":true,"href":"https:\/\/www.europesays.com\/fr\/wp-json\/wp\/v2\/media\/149586"}],"wp:attachment":[{"href":"https:\/\/www.europesays.com\/fr\/wp-json\/wp\/v2\/media?parent=149585"}],"wp:term":[{"taxonomy":"category","embeddable":true,"href":"https:\/\/www.europesays.com\/fr\/wp-json\/wp\/v2\/categories?post=149585"},{"taxonomy":"post_tag","embeddable":true,"href":"https:\/\/www.europesays.com\/fr\/wp-json\/wp\/v2\/tags?post=149585"}],"curies":[{"name":"wp","href":"https:\/\/api.w.org\/{rel}","templated":true}]}}