{"id":149592,"date":"2025-06-03T18:44:13","date_gmt":"2025-06-03T18:44:13","guid":{"rendered":"https:\/\/www.europesays.com\/fr\/149592\/"},"modified":"2025-06-03T18:44:13","modified_gmt":"2025-06-03T18:44:13","slug":"michel-polnareff-et-ses-tubes-au-dome-a-marseille-ce-mercredi-soir","status":"publish","type":"post","link":"https:\/\/www.europesays.com\/fr\/149592\/","title":{"rendered":"Michel Polnareff et ses tubes au D\u00f4me \u00e0 Marseille ce mercredi soir"},"content":{"rendered":"<p>Il nous confiait <a href=\"https:\/\/www.laprovence.com\/article\/culture-loisirs\/1716855393827215\/rencontre-avec-michel-polnareff-avant-ses-concerts-en-provence-j-ai-toujours-le-trac\" target=\"_blank\" rel=\"noopener\">il y a quelques mois dans une interview <\/a>qu\u2019il avait \u00ab\u00a0toujours le trac\u00a0\u00bb. Michel Polnareff l\u2019aura donc encore, sans aucun doute, ce mercredi soir sous la coupole de Saint-Just avant de commencer \u00e0 chanter ses plus grands tubes, accompagn\u00e9 par les musiciens de sa tourn\u00e9e. \u00ab\u00a0Le m\u00eame groupe anglais que la derni\u00e8re tourn\u00e9e, plus des cordes\u00a0\u00bb, nous expliquait-il.<\/p>\n<p>Cette tourn\u00e9e intitul\u00e9e Ma derri\u00e8re tourn\u00e9e\u00a0n\u2019est pas la derni\u00e8re selon le chanteur qui nous d\u00e9clarait avec humour\u00a0: \u00ab\u00a0C\u2019est une erreur de l\u2019imprimeur\u00a0!\u00a0\u00bb Heureux, \u00ab\u00a0excit\u00e9 et impatient\u00a0\u00bb de retrouver la route des concerts pour la sortie de son nouvel album Un temps pour elles (sorti le 25\u00a0avril dernier), Michel Polnareff, qui soufflera ses 81 bougies le 3\u00a0juillet prochain, promet un concert qui fera la part belle \u00e0 ses tubes intemporels.<\/p>\n<p>\u00ab\u00a0Je ne savais pas si je savais encore \u00e9crire\u00a0\u00bb<\/p>\n<p>Parmi les titres de son nouvel opus, le chanteur ne cache pas avoir une affection toute particuli\u00e8re pour le single Tu ne m\u2019entends pas, qui sonne comme un hymne et un retour aux sources. \u00ab\u00a0Pour moi, c\u2019est un titre important. Je l\u2019adore, notamment pour les paroles, car je ne savais pas si je savais encore \u00e9crire\u00a0\u00bb, nous confiait-il lors de notre entretien \u00e0 son arriv\u00e9e \u00e0 Paris le 20\u00a0mars dernier, en proclamant cette chanson comme l\u2019une des trois pr\u00e9f\u00e9r\u00e9es de toute sa carri\u00e8re. Les deux autres \u00e9tant Goodbye Marylou et Lettre \u00e0 France.<\/p>\n<p>Deux monuments que le public marseillais sera ravi d\u2019entendre en live et au piano ce mercredi soir. Les fans pourront aussi esp\u00e9rer chanter en ch\u0153ur avec l\u2019Amiral sur On ira tous au paradis, Love Me, Please Love Me, L\u2019amour avec toi ou encore Qui a tu\u00e9 grand\u2019maman, pour un grand revival.<\/p>\n<p>Pour ceux qui ne seraient pas au rendez-vous ce soir, Michel Polnareff sera de retour dans notre r\u00e9gion avec un concert au Festival de N\u00eemes, dans les ar\u00e8nes, le 11\u00a0juillet prochain. Sc\u00e8ne qu\u2019il conna\u00eet bien et qu\u2019il avait foul\u00e9e il y a deux ans.<\/p>\n<p>Mercredi 4\u00a0juin \u00e0 20 h au D\u00f4me de Marseille. De 50 \u00e0 120\u20ac. dome.marseille.fr. Et le 11\u00a0juillet au Festival de N\u00eemes. De 46 \u00e0 120\u20ac. festivaldenimes.com<\/p>\n","protected":false},"excerpt":{"rendered":"Il nous confiait il y a quelques mois dans une interview qu\u2019il avait \u00ab\u00a0toujours le trac\u00a0\u00bb. Michel Polnareff&hellip;\n","protected":false},"author":2,"featured_media":149593,"comment_status":"","ping_status":"","sticky":false,"template":"","format":"standard","meta":{"footnotes":""},"categories":[2814],"tags":[17,1111,11,251,11390,1777,674,1011,27,884,6774,3103,12,3104,882,25,2407,27895],"class_list":{"0":"post-149592","1":"post","2":"type-post","3":"status-publish","4":"format-standard","5":"has-post-thumbnail","7":"category-marseille","8":"tag-17","9":"tag-actu","10":"tag-actualites","11":"tag-culture","12":"tag-dome","13":"tag-eu","14":"tag-europe","15":"tag-fr","16":"tag-france","17":"tag-marseille","18":"tag-mercredi","19":"tag-michel","20":"tag-news","21":"tag-polnareff","22":"tag-provence-alpes-cote-dazur","23":"tag-republique-francaise","24":"tag-ses","25":"tag-tubes"},"share_on_mastodon":{"url":"https:\/\/pubeurope.com\/@fr\/114620915025999398","error":""},"_links":{"self":[{"href":"https:\/\/www.europesays.com\/fr\/wp-json\/wp\/v2\/posts\/149592","targetHints":{"allow":["GET"]}}],"collection":[{"href":"https:\/\/www.europesays.com\/fr\/wp-json\/wp\/v2\/posts"}],"about":[{"href":"https:\/\/www.europesays.com\/fr\/wp-json\/wp\/v2\/types\/post"}],"author":[{"embeddable":true,"href":"https:\/\/www.europesays.com\/fr\/wp-json\/wp\/v2\/users\/2"}],"replies":[{"embeddable":true,"href":"https:\/\/www.europesays.com\/fr\/wp-json\/wp\/v2\/comments?post=149592"}],"version-history":[{"count":0,"href":"https:\/\/www.europesays.com\/fr\/wp-json\/wp\/v2\/posts\/149592\/revisions"}],"wp:featuredmedia":[{"embeddable":true,"href":"https:\/\/www.europesays.com\/fr\/wp-json\/wp\/v2\/media\/149593"}],"wp:attachment":[{"href":"https:\/\/www.europesays.com\/fr\/wp-json\/wp\/v2\/media?parent=149592"}],"wp:term":[{"taxonomy":"category","embeddable":true,"href":"https:\/\/www.europesays.com\/fr\/wp-json\/wp\/v2\/categories?post=149592"},{"taxonomy":"post_tag","embeddable":true,"href":"https:\/\/www.europesays.com\/fr\/wp-json\/wp\/v2\/tags?post=149592"}],"curies":[{"name":"wp","href":"https:\/\/api.w.org\/{rel}","templated":true}]}}